{"id":5347,"date":"2022-09-01T17:55:31","date_gmt":"2022-09-01T17:55:31","guid":{"rendered":"https:\/\/tvbrazilusa.com\/2022\/09\/01\/gorbachev-nao-foi-o-heroi-da-guerra-fria-e-sim-reagan-thatcher-e-joao-paulo-ii\/"},"modified":"2022-09-01T17:55:31","modified_gmt":"2022-09-01T17:55:31","slug":"gorbachev-nao-foi-o-heroi-da-guerra-fria-e-sim-reagan-thatcher-e-joao-paulo-ii","status":"publish","type":"post","link":"https:\/\/tvbrazilusa.com\/pt\/2022\/09\/01\/gorbachev-nao-foi-o-heroi-da-guerra-fria-e-sim-reagan-thatcher-e-joao-paulo-ii\/","title":{"rendered":"Gorbachev n\u00e3o foi o her\u00f3i da Guerra Fria, e sim Reagan, Thatcher e Jo\u00e3o Paulo II"},"content":{"rendered":"<p><iframe  width=\"580\" height=\"385\" src=\"https:\/\/www.youtube.com\/embed\/dkiYJUbqvxM?modestbranding=1\" frameborder=\"0\" allowfullscreen><\/iframe><br \/>\n<br \/>Trecho do podcast O Papo \u00c9, da Gazeta do Povo:<\/p>\n<p>Aqui voc\u00ea encontra v\u00eddeos novos todos os dias!<\/p>\n<p>Me siga no Instagram : <\/p>\n<p>Conhe\u00e7a meu TikTok : <\/p>\n<p>Twitter: <\/p>\n<p>Apoie meu canal:<br \/>\n<br \/><a href=\"https:\/\/www.youtube.com\/watch?v=dkiYJUbqvxM\">source<\/a><\/p>","protected":false},"excerpt":{"rendered":"<p>Trecho do podcast O Papo \u00c9, da Gazeta do Povo: Aqui voc\u00ea encontra v\u00eddeos novos todos os dias! Me siga no Instagram : Conhe\u00e7a meu TikTok : Twitter: Apoie meu&hellip;<\/p>","protected":false},"author":1,"featured_media":5348,"comment_status":"","ping_status":"open","sticky":false,"template":"","format":"standard","meta":{"content-type":"","footnotes":""},"categories":[1],"tags":[],"class_list":["post-5347","post","type-post","status-publish","format-standard","has-post-thumbnail","hentry","category-uncategorized"],"_links":{"self":[{"href":"https:\/\/tvbrazilusa.com\/pt\/wp-json\/wp\/v2\/posts\/5347","targetHints":{"allow":["GET"]}}],"collection":[{"href":"https:\/\/tvbrazilusa.com\/pt\/wp-json\/wp\/v2\/posts"}],"about":[{"href":"https:\/\/tvbrazilusa.com\/pt\/wp-json\/wp\/v2\/types\/post"}],"author":[{"embeddable":true,"href":"https:\/\/tvbrazilusa.com\/pt\/wp-json\/wp\/v2\/users\/1"}],"replies":[{"embeddable":true,"href":"https:\/\/tvbrazilusa.com\/pt\/wp-json\/wp\/v2\/comments?post=5347"}],"version-history":[{"count":0,"href":"https:\/\/tvbrazilusa.com\/pt\/wp-json\/wp\/v2\/posts\/5347\/revisions"}],"wp:featuredmedia":[{"embeddable":true,"href":"https:\/\/tvbrazilusa.com\/pt\/wp-json\/wp\/v2\/media\/5348"}],"wp:attachment":[{"href":"https:\/\/tvbrazilusa.com\/pt\/wp-json\/wp\/v2\/media?parent=5347"}],"wp:term":[{"taxonomy":"category","embeddable":true,"href":"https:\/\/tvbrazilusa.com\/pt\/wp-json\/wp\/v2\/categories?post=5347"},{"taxonomy":"post_tag","embeddable":true,"href":"https:\/\/tvbrazilusa.com\/pt\/wp-json\/wp\/v2\/tags?post=5347"}],"curies":[{"name":"wp","href":"https:\/\/api.w.org\/{rel}","templated":true}]}}