{"id":53533,"date":"2024-10-31T11:47:33","date_gmt":"2024-10-31T11:47:33","guid":{"rendered":"https:\/\/tvbrazilusa.com\/2024\/10\/31\/morre-pianista-brasileiro-um-dos-maiores-musicos-da-historia\/"},"modified":"2024-10-31T11:47:35","modified_gmt":"2024-10-31T11:47:35","slug":"morre-pianista-brasileiro-um-dos-maiores-musicos-da-historia","status":"publish","type":"post","link":"https:\/\/tvbrazilusa.com\/pt\/2024\/10\/31\/morre-pianista-brasileiro-um-dos-maiores-musicos-da-historia\/","title":{"rendered":"Morre pianista brasileiro, um dos maiores m\u00fasicos da hist\u00f3ria"},"content":{"rendered":"<p> <script async src=\"https:\/\/pagead2.googlesyndication.com\/pagead\/js\/adsbygoogle.js?client=ca-pub-8864793242727901\"\r\n     crossorigin=\"anonymous\"><\/script><br \/>\n<\/p>\n<div>\n<figure class=\"post-image\">\n<\/figure>\n<p>            <span style=\"font-size: 12px\">Reprodu\u00e7\u00e3o<\/span><\/p>\n<p>            <!-- end metas --><br \/>\n            <!-- ADS --><\/p>\n<div id=\"taboola-read-more\" style=\"display:block; width:100%\">\n<p>Faleceu \u00a0nesta quarta-feira (30) em Florian\u00f3polis, onde viveu por mais de \u00a0trinta anos, o pianista carioca Arthur Moreira Lima, um dos mais \u00a0talentosos e admirados m\u00fasicos da Hist\u00f3ria. A informa\u00e7\u00e3o foi confirmada por familiares.\n<\/p>\n<p>Arthur morreu aos 84 anos quando lutava contra o c\u00e2ncer no intestino, diagnosticado no ano passado, e estava internado h\u00e1 duas semanas no Imperial Hospital de Caridade.<\/p>\n<p>Al\u00e9m da m\u00fasica e especialmente o piano, o time carioca do Fluminense foi uma de suas grandes paix\u00f5es.\n<\/p>\n<p>O vel\u00f3rio dele ser\u00e1 na quinta-feira (31), das 12h \u00e0s 16h, no Jardim da Paz, tamb\u00e9m em Florian\u00f3polis. Ele nasceu no Rio de Janeiro em 1940.\n<\/p>\n<p>Arthur Moreira Lima come\u00e7ou a estudar piano aos seis anos de idade e se projetou internacionalmente ao conquistar o segundo lugar na Competi\u00e7\u00e3o Internacional de Piano Fr\u00e9d\u00e9ric Chopin, em 1965.\n<\/p>\n<p>Fonte: Diario do Poder              <\/p>\n<\/div>\n<p>                        <!-- Scripts para conteudo --><\/p>\n<p>            <!-- .\/Scripts para conteudo --><br \/>\n            <!-- .\/Mat\u00e9ria --><\/p>\n<div class=\"row mt-3\">\n<div class=\"col-sm-6\">\n                <!-- Whatsapp channel 3--><br \/>\n                <a href=\"https:\/\/chat.whatsapp.com\/J6hwSKYns5B0XFowx2wZ0P\" target=\"_blank\" rel=\"noopener\"><br \/>\n                  <img decoding=\"async\" src=\"https:\/\/diariodobrasilnoticias.com.br\/assets-site\/images\/bot_whatsapp.png\"\/><\/a>\n              <\/div>\n<div class=\"col-sm-6\">\n                <a href=\"https:\/\/t.me\/+_4gTmi5LKo03OTM5\" target=\"_blank\" rel=\"noopener\"><br \/>\n                  <img decoding=\"async\" src=\"https:\/\/diariodobrasilnoticias.com.br\/assets-site\/images\/bot_telegram.png\"\/><\/a>\n              <\/div>\n<\/p><\/div>\n<p>            <!-- end post-navigation --><\/p>\n<p>              <!-- end row --><\/p>\n<p>              <!-- end col-12-->\n                      <\/div>\n<p><br \/>\n<br \/><a href=\"https:\/\/diariodobrasilnoticias.com.br\/noticia\/morre-pianista-brasileiro-um-dos-maiores-musicos-da-historia-6723595e00438\">Source link <\/a><\/p>","protected":false},"excerpt":{"rendered":"<p>Reprodu\u00e7\u00e3o Faleceu \u00a0nesta quarta-feira (30) em Florian\u00f3polis, onde viveu por mais de \u00a0trinta anos, o pianista carioca Arthur Moreira Lima, um dos mais \u00a0talentosos e admirados m\u00fasicos da Hist\u00f3ria. A&hellip;<\/p>","protected":false},"author":1,"featured_media":53534,"comment_status":"closed","ping_status":"open","sticky":false,"template":"","format":"standard","meta":{"content-type":"","footnotes":""},"categories":[16],"tags":[123,2448,5313,1267],"class_list":["post-53533","post","type-post","status-publish","format-standard","has-post-thumbnail","hentry","category-noticias","tag-brasil","tag-diario","tag-noticia","tag-noticias"],"_links":{"self":[{"href":"https:\/\/tvbrazilusa.com\/pt\/wp-json\/wp\/v2\/posts\/53533","targetHints":{"allow":["GET"]}}],"collection":[{"href":"https:\/\/tvbrazilusa.com\/pt\/wp-json\/wp\/v2\/posts"}],"about":[{"href":"https:\/\/tvbrazilusa.com\/pt\/wp-json\/wp\/v2\/types\/post"}],"author":[{"embeddable":true,"href":"https:\/\/tvbrazilusa.com\/pt\/wp-json\/wp\/v2\/users\/1"}],"replies":[{"embeddable":true,"href":"https:\/\/tvbrazilusa.com\/pt\/wp-json\/wp\/v2\/comments?post=53533"}],"version-history":[{"count":1,"href":"https:\/\/tvbrazilusa.com\/pt\/wp-json\/wp\/v2\/posts\/53533\/revisions"}],"predecessor-version":[{"id":53535,"href":"https:\/\/tvbrazilusa.com\/pt\/wp-json\/wp\/v2\/posts\/53533\/revisions\/53535"}],"wp:featuredmedia":[{"embeddable":true,"href":"https:\/\/tvbrazilusa.com\/pt\/wp-json\/wp\/v2\/media\/53534"}],"wp:attachment":[{"href":"https:\/\/tvbrazilusa.com\/pt\/wp-json\/wp\/v2\/media?parent=53533"}],"wp:term":[{"taxonomy":"category","embeddable":true,"href":"https:\/\/tvbrazilusa.com\/pt\/wp-json\/wp\/v2\/categories?post=53533"},{"taxonomy":"post_tag","embeddable":true,"href":"https:\/\/tvbrazilusa.com\/pt\/wp-json\/wp\/v2\/tags?post=53533"}],"curies":[{"name":"wp","href":"https:\/\/api.w.org\/{rel}","templated":true}]}}