{"id":53548,"date":"2024-10-31T13:00:54","date_gmt":"2024-10-31T13:00:54","guid":{"rendered":"https:\/\/tvbrazilusa.com\/2024\/10\/31\/autoridades-confirmam-95-mortes-em-enchentes-na-espanha-e-numero-de-vitimas-pode-aumentar\/"},"modified":"2024-10-31T13:00:55","modified_gmt":"2024-10-31T13:00:55","slug":"autoridades-confirmam-95-mortes-em-enchentes-na-espanha-e-numero-de-vitimas-pode-aumentar","status":"publish","type":"post","link":"https:\/\/tvbrazilusa.com\/pt\/2024\/10\/31\/autoridades-confirmam-95-mortes-em-enchentes-na-espanha-e-numero-de-vitimas-pode-aumentar\/","title":{"rendered":"Autoridades confirmam 95 mortes em enchentes na Espanha, e n\u00famero de v\u00edtimas pode aumentar"},"content":{"rendered":"<p> <script async src=\"https:\/\/pagead2.googlesyndication.com\/pagead\/js\/adsbygoogle.js?client=ca-pub-8864793242727901\"\r\n     crossorigin=\"anonymous\"><\/script><br \/>\n<\/p>\n<p>Pelo menos 95 pessoas morreram em enchentes repentinas severas na Espanha, enquanto equipes de emerg\u00eancia correm para encontrar dezenas de desaparecidos.\n<\/p>\n<div id=\"mid2\" data-google-query-id=\"CJ6vpdfFuIkDFbJZuAQdm8UUJg\">Na regi\u00e3o mais afetada de Val\u00eancia, 92 pessoas morreram, de acordo com Angel Victor Torres, ministro de pol\u00edtica territorial e mem\u00f3ria democr\u00e1tica da Espanha. Outras duas morreram em Castela-La-Mancha e uma pessoa na Andaluzia.<\/p>\n<p>V\u00e1rios locais no sul e leste da Espanha foram atingidos por at\u00e9 300 mm de chuva em apenas algumas horas na ter\u00e7a-feira (30), no que marcou a pior precipita\u00e7\u00e3o em Val\u00eancia em 28 anos, de acordo com a ag\u00eancia meteorol\u00f3gica estadual AEMET.<\/p>\n<p>Os servi\u00e7os de emerg\u00eancia em Val\u00eancia, na cidade de M\u00e1laga e Castela-La-Mancha, entre outras regi\u00f5es, disseram que ainda estavam trabalhando para encontrar dezenas de desaparecidos.<\/p>\n<p>Emiliano Garc\u00eda-Page, presidente do governo regional de Castela-La-Mancha, comparou o dil\u00favio ao rompimento de um dique. \u201cN\u00e3o foi uma chuva torrencial, foi como o rompimento de uma represa\u201d, disse Garc\u00eda-Page \u00e0 emissora nacional espanhola TVE. \u201cAs pessoas estavam ligando [para n\u00fameros de emerg\u00eancia] chorando, pedindo ajuda e era quase imposs\u00edvel alcan\u00e7\u00e1-las.\u201d<\/p>\n<\/div>\n<div data-google-query-id=\"CJ6vpdfFuIkDFbJZuAQdm8UUJg\">\n<p>A regi\u00e3o de Val\u00eancia, gravemente atingida, foi lan\u00e7ada em um estado de caos, com a maioria das rodovias se tornando completamente inutiliz\u00e1veis \u200b\u200bna ter\u00e7a \u00e0 noite e na quarta de manh\u00e3. Ve\u00edculos que foram abandonados no tr\u00e2nsito foram levados pela \u00e1gua.<\/p>\n<p>Um tribunal foi transformado em um necrot\u00e9rio tempor\u00e1rio na capital regional, tamb\u00e9m chamada Val\u00eancia, disseram autoridades locais, pois o n\u00famero de mortos deve aumentar.\n<\/p>\n<p>Pelo menos 40 pessoas, seis das quais estavam em uma casa de repouso, morreram na cidade de Paiporta, em Val\u00eancia, informou a ag\u00eancia de not\u00edcias estatal espanhola EFE, citando seu prefeito.\n<\/p>\n<p>V\u00eddeos postados por v\u00e1rias ag\u00eancias de resgate na quarta-feira mostram ruas inteiras inundadas, pessoas presas em telhados e carros empilhados e capotados.\n<\/p>\n<p>Acredita-se que cerca de 1.200 pessoas ainda estejam presas em diferentes partes de uma rodovia em Val\u00eancia, e 5.000 ve\u00edculos est\u00e3o bloqueados como resultado das \u00e1guas da enchente, informou a EFE, citando a Guarda Civil da Espanha.\n<\/p>\n<p>Os trens foram suspensos na regi\u00e3o de Val\u00eancia, assim como outros servi\u00e7os p\u00fablicos importantes em outras regi\u00f5es afetadas. Escolas, museus e bibliotecas p\u00fablicas na regi\u00e3o de Val\u00eancia ser\u00e3o fechados nesta quinta-feira, de acordo com o governo local.\n<\/p>\n<p>Em M\u00e1laga, na regi\u00e3o da Andaluzia, um brit\u00e2nico de 71 anos morreu de hipotermia, de acordo com o prefeito da cidade, Francisco de la Torre.\n<\/p>\n<p><strong>\u201cN\u00e3o sabemos onde est\u00e3o nossos pais\u201d<\/strong><br \/>Sobreviventes e familiares dos desaparecidos falaram \u00e0 TVE sobre a chuva aterrorizante. \u201cFoi agonizante. Quando vimos a \u00e1gua subindo e atingindo o primeiro andar da casa, fomos para o telhado\u201d, disse um morador \u00e0 TVE. \u201cFicamos no telhado at\u00e9 as 4 da manh\u00e3. N\u00e3o t\u00ednhamos \u00e1gua, est\u00e1vamos com frio. Finalmente, o helic\u00f3ptero chegou.\u201d\n<\/p>\n<p>\u201cTudo est\u00e1 destru\u00eddo, mas pelo menos estamos aqui para contar [a hist\u00f3ria]\u201d, ela acrescentou.\n<\/p>\n<p>A fam\u00edlia de Petruta Sandu tamb\u00e9m foi pega de surpresa pela enchente repentina. Ela falou com seus pais pela \u00faltima vez na noite de ter\u00e7a-feira, quando eles ficaram presos no teto do carro enquanto as \u00e1guas subiam ao redor deles.\n<\/p>\n<p>\u201cDesde as 22h da noite passada, n\u00e3o sabemos nada sobre nossos pais\u201d, ela disse \u00e0 TVE. \u201cMeu cunhado andou quase 7 km com \u00e1gua na altura dos joelhos para encontrar o helic\u00f3ptero e encontrar o ve\u00edculo, mas eles n\u00e3o encontraram ningu\u00e9m. N\u00e3o sabemos onde nossos pais est\u00e3o.\u201d\n<\/p>\n<p>Em cidades pr\u00f3ximas a rios como Utiel ou Paiporta, a \u00e1gua derramou nas ruas, informou a CNN. Vans, carros e latas de lixo foram levados pelas correntes que, em alguns casos, atingiram o primeiro andar dos edif\u00edcios.\n<\/p>\n<p>AEMET relata que a \u201cgota fria\u201d que causou a inunda\u00e7\u00e3o \u00e9 a pior que Val\u00eancia j\u00e1 experimentou neste s\u00e9culo, mas acrescenta que \u00e9 muito cedo para dizer se a mudan\u00e7a clim\u00e1tica \u00e9 a culpada. O termo \u201cgota fria\u201d se refere a uma po\u00e7a de ar mais frio no alto da atmosfera, que pode se separar da corrente de jato, fazendo com que ela se mova lentamente e muitas vezes leve a eventos de chuva de alto impacto. O fen\u00f4meno \u00e9 mais comum no outono.\n<\/p>\n<p>A grande quantidade de chuva que caiu fez com que muitos fossem pegos de surpresa, com pessoas ficando presas em seus por\u00f5es ou primeiros andares e incapazes de chegar a um lugar seguro.\n<\/p>\n<p>O primeiro-ministro Pedro S\u00e1nchez disse na quarta-feira que seu governo usaria todos os meios necess\u00e1rios para ajudar as v\u00edtimas das inunda\u00e7\u00f5es, enquanto pedia \u00e0s pessoas que permanecessem vigilantes. Ele deve visitar Val\u00eancia nesta quinta-feira.\n<\/p>\n<p>A ministra da Defesa Margarita Robles descreveu a inunda\u00e7\u00e3o como um \u201cfen\u00f4meno sem precedentes\u201d, informou a CNN. Robles disse que mais de 1.000 membros das for\u00e7as armadas foram mobilizados para ajudar nos esfor\u00e7os de resgate.\n<\/p>\n<p>O governo espanhol decretou tr\u00eas dias de luto oficial pelas v\u00edtimas das enchentes, a partir de quinta-feira.\n<\/p>\n<p>Um morador local de uma das cidades afetadas, Antonio Carmona, descreveu \u00e0 CNN o que aconteceu quando as enchentes chegaram. \u201cQuando olhamos aqui, vimos tudo descendo. (A \u00e1gua) levou carros, derrubou metade da casa de um dos nossos vizinhos.\u201d\n<\/p>\n<p>Carmona apontou para suas roupas rasgadas, dizendo que ele e outros estavam salvando c\u00e3es pegos na enchente.\n<\/p>\n<p>Uma mulher chamada Beatriz Garrote estava dirigindo para casa do trabalho na cidade de Torrent, em Val\u00eancia, na ter\u00e7a-feira \u00e0 noite, quando se viu presa em um trecho do anel vi\u00e1rio pela \u00e1gua subindo por v\u00e1rias horas ao lado de outros motoristas, de acordo com o jornal espanhol El Pais.\n<\/p>\n<p>\u201cPassei pela primeira sa\u00edda, que era para Paiporta, mas estava fechada porque nos disseram que a cidade estava inundada e n\u00e3o pod\u00edamos sair\u201d, disse ela, informou o El Pais. Ela disse que seu carro ent\u00e3o ficou preso \u201ce de repente as duas faixas mais pr\u00f3ximas da sa\u00edda come\u00e7aram a inundar\u201d.\n<\/p>\n<p>Ela descreveu sentir-se \u201cmuito assustada\u201d conforme os n\u00edveis de \u00e1gua subiam rapidamente. \u201cEu n\u00e3o sabia de onde vinha ou o que estava acontecendo. A \u00e1gua come\u00e7ou a subir muito r\u00e1pido.\n<\/p>\n<p>\u201cDepois de 10 minutos, estava na metade da roda do carro. Um dos volunt\u00e1rios nos disse para virar os carros, mas n\u00e3o havia sa\u00edda poss\u00edvel.\u201d\n<\/p>\n<p>A crise clim\u00e1tica causada pelo homem est\u00e1 tornando o clima extremo mais frequente e severo, dizem os cientistas.\n<\/p>\n<p>\u00c0 medida que o mundo esquenta devido \u00e0 polui\u00e7\u00e3o por combust\u00edveis f\u00f3sseis, os eventos de chuva mais intensos est\u00e3o ficando mais pesados \u200b\u200be frequentes. Oceanos mais quentes alimentam tempestades mais fortes e uma atmosfera mais quente pode reter mais umidade, que ela extrai na forma de chuvas torrenciais.\n<\/p>\n<p>Os alertas de chuva continuam at\u00e9 quarta-feira para partes do leste e sul da Espanha, de acordo com a AEMET, com a amea\u00e7a de chuva forte prevista para continuar at\u00e9 o final da semana.<\/p>\n<p>Fonte: CNN Brasil\n<\/p>\n<\/div>\n<p><br \/>\n<br \/><a href=\"https:\/\/diariodobrasilnoticias.com.br\/noticia\/autoridades-confirmam-95-mortes-em-enchentes-na-espanha-e-numero-de-vitimas-pode-aumentar-67236e64dfa24\">Source link <\/a><\/p>","protected":false},"excerpt":{"rendered":"<p>Pelo menos 95 pessoas morreram em enchentes repentinas severas na Espanha, enquanto equipes de emerg\u00eancia correm para encontrar dezenas de desaparecidos. Na regi\u00e3o mais afetada de Val\u00eancia, 92 pessoas morreram,&hellip;<\/p>","protected":false},"author":1,"featured_media":53549,"comment_status":"closed","ping_status":"open","sticky":false,"template":"","format":"standard","meta":{"content-type":"","footnotes":""},"categories":[16],"tags":[123,2448,5313,1267],"class_list":["post-53548","post","type-post","status-publish","format-standard","has-post-thumbnail","hentry","category-noticias","tag-brasil","tag-diario","tag-noticia","tag-noticias"],"_links":{"self":[{"href":"https:\/\/tvbrazilusa.com\/pt\/wp-json\/wp\/v2\/posts\/53548","targetHints":{"allow":["GET"]}}],"collection":[{"href":"https:\/\/tvbrazilusa.com\/pt\/wp-json\/wp\/v2\/posts"}],"about":[{"href":"https:\/\/tvbrazilusa.com\/pt\/wp-json\/wp\/v2\/types\/post"}],"author":[{"embeddable":true,"href":"https:\/\/tvbrazilusa.com\/pt\/wp-json\/wp\/v2\/users\/1"}],"replies":[{"embeddable":true,"href":"https:\/\/tvbrazilusa.com\/pt\/wp-json\/wp\/v2\/comments?post=53548"}],"version-history":[{"count":1,"href":"https:\/\/tvbrazilusa.com\/pt\/wp-json\/wp\/v2\/posts\/53548\/revisions"}],"predecessor-version":[{"id":53550,"href":"https:\/\/tvbrazilusa.com\/pt\/wp-json\/wp\/v2\/posts\/53548\/revisions\/53550"}],"wp:featuredmedia":[{"embeddable":true,"href":"https:\/\/tvbrazilusa.com\/pt\/wp-json\/wp\/v2\/media\/53549"}],"wp:attachment":[{"href":"https:\/\/tvbrazilusa.com\/pt\/wp-json\/wp\/v2\/media?parent=53548"}],"wp:term":[{"taxonomy":"category","embeddable":true,"href":"https:\/\/tvbrazilusa.com\/pt\/wp-json\/wp\/v2\/categories?post=53548"},{"taxonomy":"post_tag","embeddable":true,"href":"https:\/\/tvbrazilusa.com\/pt\/wp-json\/wp\/v2\/tags?post=53548"}],"curies":[{"name":"wp","href":"https:\/\/api.w.org\/{rel}","templated":true}]}}