{"id":53581,"date":"2024-10-31T14:32:51","date_gmt":"2024-10-31T14:32:51","guid":{"rendered":"https:\/\/tvbrazilusa.com\/2024\/10\/31\/bloqueio-do-twitter-x-por-moraes-e-um-marco-na-regulacao-das-redes-sociais-diz-agu-paulo-figueiredo\/"},"modified":"2024-10-31T14:40:13","modified_gmt":"2024-10-31T14:40:13","slug":"bloqueio-do-twitter-x-por-moraes-e-um-marco-na-regulacao-das-redes-sociais-diz-agu-paulo-figueiredo","status":"publish","type":"post","link":"https:\/\/tvbrazilusa.com\/pt\/2024\/10\/31\/bloqueio-do-twitter-x-por-moraes-e-um-marco-na-regulacao-das-redes-sociais-diz-agu-paulo-figueiredo\/","title":{"rendered":"Bloqueio do Twitter\/X por Moraes \u00e9 um marco na regula\u00e7\u00e3o das redes sociais, diz AGU &#8211; Paulo Figueiredo"},"content":{"rendered":"<p> <script async src=\"https:\/\/pagead2.googlesyndication.com\/pagead\/js\/adsbygoogle.js?client=ca-pub-8864793242727901\"\r\n     crossorigin=\"anonymous\"><\/script><br \/>\n<\/p>\n<div id=\"wtr-content\" data-bg=\"#FFFFFF\" data-fg=\"#006d91\" data-width=\"25\" data-mute=\"1\" data-fgopacity=\"1.00\" data-mutedopacity=\"0.5\" data-placement=\"bottom\" data-placement-offset=\"0\" data-content-offset=\"262\" data-placement-touch=\"bottom\" data-placement-offset-touch=\"0\" data-transparent=\"\" data-shadow=\"0\" data-touch=\"1\" data-non-touch=\"1\" data-comments=\"0\" data-commentsbg=\"transparent\" data-location=\"page\" data-mutedfg=\"#006d91\" data-endfg=\"#006d91\" data-rtl=\"\">\n<h3 class=\"wp-block-heading\">Jorge Messias afirma que decis\u00e3o foi um marco para a atividade das plataformas digitais no Brasil<\/h3>\n<p>O ministro da Advocacia-Geral da Uni\u00e3o (AGU), Jorge Messias, avaliou o impacto da decis\u00e3o de Alexandre de Moraes, do Supremo Tribunal Federal (STF), de bloquear o Twitter\/X no Brasil. Conforme Messias, a medida estabeleceu um novo padr\u00e3o para as\u00a0<em>big techs<\/em>\u00a0estrangeiras no pa\u00eds, \u201cum antes e um depois\u201d.<\/p>\n<p>A censura durou 39 dias, do final de agosto at\u00e9 o in\u00edcio de outubro, \u00e0s v\u00e9speras do primeiro turno das elei\u00e7\u00f5es municipais.<\/p>\n<p>Moraes ordenou o bloqueio da rede social por causa do descumprimento de decis\u00f5es judiciais por parte de Elon Musk, propriet\u00e1rio da plataforma. O empres\u00e1rio decidiu fechar o escrit\u00f3rio da empresa no Brasil depois que o ministro determinou o bloqueio de contas de usu\u00e1rios que publicavam conte\u00fados contr\u00e1rios ao atual governo.<\/p>\n<p>Al\u00e9m de se negar a realizar o cancelamento, Musk tamb\u00e9m refutou apresentar um representante legal da sua companhia no pa\u00eds.<\/p>\n<p>Para Messias, a decis\u00e3o de Moraes reafirmou a soberania do Brasil ao exigir que redes sociais estrangeiras cumpram a legisla\u00e7\u00e3o nacional e indiquem representantes, e representa um marco jur\u00eddico.<\/p>\n<blockquote class=\"wp-block-quote is-layout-flow wp-block-quote-is-layout-flow\">\n<p>\u201cDo ponto de vista da soberania, n\u00f3s temos o antes e o depois da decis\u00e3o do ministro Alexandre de Moraes. \u00c9 muito importante que se diga isso, porque, naquele momento que a decis\u00e3o do ministro estabeleceu a necessidade de que a rede deveria se submeter a legisla\u00e7\u00e3o brasileira e indicar os representantes legais aqui no Brasil, se fixou um par\u00e2metro que \u00e9 refer\u00eancia\u201d, declarou o ministro, em um evento do\u00a0<strong>Instituto Brasileiro de Ensino, Desenvolvimento e Pesquisa<\/strong>\u00a0(<strong>IDP<\/strong>), em Bras\u00edlia.<\/p>\n<\/blockquote>\n<p>Jorge Messias participou do painel \u201cPol\u00edticas Digitais e Soberania Nacional\u201d no 27\u00ba Congresso Internacional de Direito Constitucional, realizado no IDP, instituto fundado por Gilmar Mendes.<\/p>\n<h3 class=\"wp-block-heading\" id=\"95cf8c1c\">Musk recua para manter o Twitter\/X no Brasil<\/h3>\n<p>O acesso ao Twitter\/X foi restabelecido depois de Musk anunciar que acataria as decis\u00f5es de Alexandre de Moraes e pagaria multas de R$ 28,6 milh\u00f5es.<\/p>\n<p>Messias ressaltou que o epis\u00f3dio serviu como um alerta para as plataformas digitais estrangeiras sobre a necessidade de respeitar a soberania e o ordenamento jur\u00eddico do Brasil.<\/p>\n<blockquote class=\"wp-block-quote is-layout-flow wp-block-quote-is-layout-flow\">\n<p>\u201cQuando falamos de soberania e da defini\u00e7\u00e3o de limites nacionais, tamb\u00e9m estamos tratando de interesses geopol\u00edticos\u201d, defendeu o ministro.<\/p>\n<\/blockquote>\n<p>Al\u00e9m disso, o ministro da AGU criticou a legisla\u00e7\u00e3o brasileira por ser insuficiente para regular as plataformas digitais. Ele tamb\u00e9m apontou a falha da autorregula\u00e7\u00e3o dessas empresas, de acordo com informa\u00e7\u00f5es da\u00a0<em>Gazeta do Povo<\/em>.<\/p>\n<p>Jorge Messias afirmou que confiar apenas nos Termos de Uso das plataformas \u00e9 um erro, pois eles frequentemente n\u00e3o se cumprem.<\/p>\n<blockquote class=\"wp-block-quote is-layout-flow wp-block-quote-is-layout-flow\">\n<p>\u201cA autorregula\u00e7\u00e3o falhou absurdamente, e isso \u00e9 fato\u201d, declarou o ministro, destacando a necessidade de criar mecanismos punitivos eficazes contra as plataformas.<\/p>\n<p><strong><a href=\"https:\/\/revistaoeste.com\/politica\/censura-ministro-da-agu-defende-bloqueio-do-twitter-x-por-moraes\/\">Source link<\/a><\/strong><\/p>\n<\/blockquote>\n<\/div>\n<p><br \/>\n<br \/><a href=\"https:\/\/paulofigueiredoshow.com\/bloqueio-do-twitter-x-por-moraes-e-um-marco-na-regulacao-das-redes-sociais-diz-agu\/\">Source link <\/a><\/p>","protected":false},"excerpt":{"rendered":"<p>Jorge Messias afirma que decis\u00e3o foi um marco para a atividade das plataformas digitais no Brasil O ministro da Advocacia-Geral da Uni\u00e3o (AGU), Jorge Messias, avaliou o impacto da decis\u00e3o&hellip;<\/p>","protected":false},"author":1,"featured_media":36056,"comment_status":"closed","ping_status":"open","sticky":false,"template":"","format":"standard","meta":{"content-type":"","footnotes":""},"categories":[16],"tags":[],"class_list":["post-53581","post","type-post","status-publish","format-standard","has-post-thumbnail","hentry","category-noticias"],"_links":{"self":[{"href":"https:\/\/tvbrazilusa.com\/pt\/wp-json\/wp\/v2\/posts\/53581","targetHints":{"allow":["GET"]}}],"collection":[{"href":"https:\/\/tvbrazilusa.com\/pt\/wp-json\/wp\/v2\/posts"}],"about":[{"href":"https:\/\/tvbrazilusa.com\/pt\/wp-json\/wp\/v2\/types\/post"}],"author":[{"embeddable":true,"href":"https:\/\/tvbrazilusa.com\/pt\/wp-json\/wp\/v2\/users\/1"}],"replies":[{"embeddable":true,"href":"https:\/\/tvbrazilusa.com\/pt\/wp-json\/wp\/v2\/comments?post=53581"}],"version-history":[{"count":1,"href":"https:\/\/tvbrazilusa.com\/pt\/wp-json\/wp\/v2\/posts\/53581\/revisions"}],"predecessor-version":[{"id":53582,"href":"https:\/\/tvbrazilusa.com\/pt\/wp-json\/wp\/v2\/posts\/53581\/revisions\/53582"}],"wp:featuredmedia":[{"embeddable":true,"href":"https:\/\/tvbrazilusa.com\/pt\/wp-json\/wp\/v2\/media\/36056"}],"wp:attachment":[{"href":"https:\/\/tvbrazilusa.com\/pt\/wp-json\/wp\/v2\/media?parent=53581"}],"wp:term":[{"taxonomy":"category","embeddable":true,"href":"https:\/\/tvbrazilusa.com\/pt\/wp-json\/wp\/v2\/categories?post=53581"},{"taxonomy":"post_tag","embeddable":true,"href":"https:\/\/tvbrazilusa.com\/pt\/wp-json\/wp\/v2\/tags?post=53581"}],"curies":[{"name":"wp","href":"https:\/\/api.w.org\/{rel}","templated":true}]}}