{"id":53586,"date":"2024-10-31T14:45:11","date_gmt":"2024-10-31T14:45:11","guid":{"rendered":"https:\/\/tvbrazilusa.com\/2024\/10\/31\/e-bikes-levantam-preocupacoes-para-os-comissarios-de-atlantic-beach-jacksonville-hoje\/"},"modified":"2024-10-31T14:58:35","modified_gmt":"2024-10-31T14:58:35","slug":"e-bikes-levantam-preocupacoes-para-os-comissarios-de-atlantic-beach-jacksonville-hoje","status":"publish","type":"post","link":"https:\/\/tvbrazilusa.com\/pt\/2024\/10\/31\/e-bikes-levantam-preocupacoes-para-os-comissarios-de-atlantic-beach-jacksonville-hoje\/","title":{"rendered":"E-bikes levantam preocupa\u00e7\u00f5es para os comiss\u00e1rios de Atlantic Beach | Jacksonville hoje"},"content":{"rendered":"<p> <script async src=\"https:\/\/pagead2.googlesyndication.com\/pagead\/js\/adsbygoogle.js?client=ca-pub-8864793242727901\"\r\n     crossorigin=\"anonymous\"><\/script><br \/>\n<\/p>\n<div>\n<p><a href=\"https:\/\/jaxtoday.org\/2024\/10\/18\/atlantic-beach-jax-beach-voters-to-weigh-charter-questions-in-november\/\">Praia Atl\u00e2ntica<\/a> est\u00e1 discutindo a necessidade de regulamentar as bicicletas el\u00e9tricas, que alguns comiss\u00e1rios municipais consideram potencialmente perigosas.<\/p>\n<p>Os Comiss\u00e1rios abordaram a quest\u00e3o esta semana. A comiss\u00e1ria Candace Kelly v\u00ea bicicletas el\u00e9tricas passando nas estradas e nas cal\u00e7adas. <\/p>\n<p>\u201cEles s\u00e3o quietos e r\u00e1pidos, e muitas vezes s\u00e3o <a href=\"https:\/\/www.nbc-2.com\/article\/1-injured-electric-bikes-crash-north-fort-myers\/62768854\" rel=\"nofollow noopener\" target=\"_blank\">montado de forma imprudente<\/a> por pessoas mais jovens\u201d, disse Kelly.<strong>   <\/strong><\/p>\n<p>Kelly disse que viu crian\u00e7as andando de bicicleta el\u00e9trica at\u00e9 a escola prim\u00e1ria. Ela gostaria que a Fl\u00f3rida estabelecesse um limite m\u00ednimo de idade.<\/p>\n<p>\u201cAs regras estaduais precisam nos dar mais controle local, voc\u00ea conhece as regras internas, e talvez seja necess\u00e1rio haver um limite de idade\u201d, disse ela. \u201cVoc\u00ea acha que uma crian\u00e7a de 9 anos \u00e9 capaz de andar de bicicleta a 32 km\/h?\u201d<\/p>\n<p>Kelly disse que a comiss\u00e3o de Atlantic Beach <a href=\"https:\/\/www.floridatoday.com\/story\/news\/local\/2024\/02\/21\/e-bike-ban-following-fatal-crash-in-south-florida-town-may-be-extended\/72676893007\/\" rel=\"nofollow noopener\" target=\"_blank\">pouco pode fazer em rela\u00e7\u00e3o \u00e0s e-bikes<\/a> por causa dos estatutos estaduais, exceto talvez para reduzir o limite de velocidade para 15 mph, o que Neptune Beach fez durante o ver\u00e3o.  <\/p>\n<p>Jacksonville Beach tamb\u00e9m est\u00e1 pensando em regulamentar ainda mais as bicicletas el\u00e9tricas, incluindo a possibilidade de emitir multas para infratores. <\/p>\n<\/div>\n<p><br \/>\n<br \/><a href=\"https:\/\/jaxtoday.org\/2024\/10\/31\/e-bikesatlantic-beach\/\">Source link <\/a><\/p>","protected":false},"excerpt":{"rendered":"<p>Praia Atl\u00e2ntica est\u00e1 discutindo a necessidade de regulamentar as bicicletas el\u00e9tricas, que alguns comiss\u00e1rios municipais consideram potencialmente perigosas. Os Comiss\u00e1rios abordaram a quest\u00e3o esta semana. A comiss\u00e1ria Candace Kelly v\u00ea&hellip;<\/p>","protected":false},"author":1,"featured_media":53587,"comment_status":"closed","ping_status":"open","sticky":false,"template":"","format":"standard","meta":{"content-type":"","footnotes":""},"categories":[1],"tags":[],"class_list":["post-53586","post","type-post","status-publish","format-standard","has-post-thumbnail","hentry","category-uncategorized"],"_links":{"self":[{"href":"https:\/\/tvbrazilusa.com\/pt\/wp-json\/wp\/v2\/posts\/53586","targetHints":{"allow":["GET"]}}],"collection":[{"href":"https:\/\/tvbrazilusa.com\/pt\/wp-json\/wp\/v2\/posts"}],"about":[{"href":"https:\/\/tvbrazilusa.com\/pt\/wp-json\/wp\/v2\/types\/post"}],"author":[{"embeddable":true,"href":"https:\/\/tvbrazilusa.com\/pt\/wp-json\/wp\/v2\/users\/1"}],"replies":[{"embeddable":true,"href":"https:\/\/tvbrazilusa.com\/pt\/wp-json\/wp\/v2\/comments?post=53586"}],"version-history":[{"count":1,"href":"https:\/\/tvbrazilusa.com\/pt\/wp-json\/wp\/v2\/posts\/53586\/revisions"}],"predecessor-version":[{"id":53588,"href":"https:\/\/tvbrazilusa.com\/pt\/wp-json\/wp\/v2\/posts\/53586\/revisions\/53588"}],"wp:featuredmedia":[{"embeddable":true,"href":"https:\/\/tvbrazilusa.com\/pt\/wp-json\/wp\/v2\/media\/53587"}],"wp:attachment":[{"href":"https:\/\/tvbrazilusa.com\/pt\/wp-json\/wp\/v2\/media?parent=53586"}],"wp:term":[{"taxonomy":"category","embeddable":true,"href":"https:\/\/tvbrazilusa.com\/pt\/wp-json\/wp\/v2\/categories?post=53586"},{"taxonomy":"post_tag","embeddable":true,"href":"https:\/\/tvbrazilusa.com\/pt\/wp-json\/wp\/v2\/tags?post=53586"}],"curies":[{"name":"wp","href":"https:\/\/api.w.org\/{rel}","templated":true}]}}