{"id":53613,"date":"2024-10-31T15:38:51","date_gmt":"2024-10-31T15:38:51","guid":{"rendered":"https:\/\/tvbrazilusa.com\/2024\/10\/31\/comissao-da-camara-vai-convocar-lewandowski-para-falar-sobre-inquerito-contra-van-hattem-paulo-figueiredo\/"},"modified":"2024-10-31T16:34:21","modified_gmt":"2024-10-31T16:34:21","slug":"comissao-da-camara-vai-convocar-lewandowski-para-falar-sobre-inquerito-contra-van-hattem-paulo-figueiredo","status":"publish","type":"post","link":"https:\/\/tvbrazilusa.com\/pt\/2024\/10\/31\/comissao-da-camara-vai-convocar-lewandowski-para-falar-sobre-inquerito-contra-van-hattem-paulo-figueiredo\/","title":{"rendered":"Comiss\u00e3o da C\u00e2mara vai convocar Lewandowski para falar sobre inqu\u00e9rito contra Van Hattem &#8211; Paulo Figueiredo"},"content":{"rendered":"<p> <script async src=\"https:\/\/pagead2.googlesyndication.com\/pagead\/js\/adsbygoogle.js?client=ca-pub-8864793242727901\"\r\n     crossorigin=\"anonymous\"><\/script><br \/>\n<\/p>\n<div id=\"wtr-content\" data-bg=\"#FFFFFF\" data-fg=\"#006d91\" data-width=\"25\" data-mute=\"1\" data-fgopacity=\"1.00\" data-mutedopacity=\"0.5\" data-placement=\"bottom\" data-placement-offset=\"0\" data-content-offset=\"262\" data-placement-touch=\"bottom\" data-placement-offset-touch=\"0\" data-transparent=\"\" data-shadow=\"0\" data-touch=\"1\" data-non-touch=\"1\" data-comments=\"0\" data-commentsbg=\"transparent\" data-location=\"page\" data-mutedfg=\"#006d91\" data-endfg=\"#006d91\" data-rtl=\"\">\n<h3 class=\"wp-block-heading\">Deputado \u00e9 investigado por pronunciamento no Congresso Nacional, o que fere a imunidade parlamentar<\/h3>\n<p>A Comiss\u00e3o de Seguran\u00e7a P\u00fablica e Combate ao Crime Organizado da C\u00e2mara dos Deputados aprovou requerimento para convocar o ministro da Justi\u00e7a, Ricardo Lewandowski, para falar sobre a abertura de inqu\u00e9rito policial contra o deputado federal Marcel van Hattem (Novo-RS).<\/p>\n<p>O inqu\u00e9rito foi instaurado depois que o parlamentar criticou a atua\u00e7\u00e3o do delegado da Pol\u00edcia Federal F\u00e1bio Alvarez Schor, em discurso no plen\u00e1rio da C\u00e2mara dos Deputados em 14 de agosto.<\/p>\n<p>O deputado ga\u00facho foi intimado do inqu\u00e9rito em 4 de outubro, por e-mail, para prestar depoimento. A investiga\u00e7\u00e3o tramita sob segredo de Justi\u00e7a no Supremo Tribunal Federal (STF).<\/p>\n<p>Para o autor do requerimento, Gilvan da Federal (PL-ES), a investiga\u00e7\u00e3o fere a regra constitucional da imunidade parlamentar e \u00e9 uma forma de \u201ctentar intimidar e coagir um deputado federal\u201d.<\/p>\n<p>\u201cA convoca\u00e7\u00e3o do Ministro da Justi\u00e7a e Seguran\u00e7a P\u00fablica, Sr. Ricardo Lewandowski, torna-se necess\u00e1ria em virtude da gravidade da situa\u00e7\u00e3o envolvendo o pedido de abertura de inqu\u00e9rito policial contra o Deputado Federal Marcel van Hattem, por cr\u00edticas proferidas ao Delegado Federal F\u00e1bio Alvarez Schor durante discurso na C\u00e2mara dos Deputados\u201d, escreveu Gilvan no requerimento aprovado na \u00faltima ter\u00e7a-feira, 29. Ainda n\u00e3o h\u00e1 data estipulada para a audi\u00eancia com Lewandowski.<\/p>\n<p>Al\u00e9m disso, afirmou, \u201c\u00e9 crucial que o Poder Legislativo tenha pleno conhecimento das a\u00e7\u00f5es da Pol\u00edcia Federal, principalmente quando tais a\u00e7\u00f5es podem configurar tentativa de cerceamento da atua\u00e7\u00e3o parlamentar, em contrariedade aos princ\u00edpios democr\u00e1ticos\u201d.<\/p>\n<h3 class=\"wp-block-heading\">O que Marcel van Hattem disse sobre o delegado federal<\/h3>\n<p>No discurso de 14 de agosto, o deputado federal Marcel van Hattem citou nominalmente F\u00e1bio Alvarez Schor como um \u201cabusador de autoridade\u201d.<\/p>\n<p>\u201cSabem o que todos eles t\u00eam em comum? Todos eles, que hoje est\u00e3o sendo perseguidos pela Pol\u00edcia Federal, divulgaram a foto de mais um abusador de autoridade da Pol\u00edcia Federal, deste aqui: F\u00e1bio Alvarez Schor, estampado nesta foto. Falei dele, j\u00e1 ontem, duas vezes. Falei hoje, mais uma vez, na Comiss\u00e3o de Rela\u00e7\u00f5es Exteriores, e falo dele aqui, da tribuna, mostrando sua foto. Se ele n\u00e3o for covarde, que venha tamb\u00e9m atr\u00e1s de mim!\u201d, disse o deputado do Novo.<\/p>\n<p>Conforme o requerimento, a investiga\u00e7\u00e3o de eventual crime cometido por parlamentar exige, necessariamente, comunica\u00e7\u00e3o pr\u00e9via ao presidente da C\u00e2mara, o que n\u00e3o houve no caso de Van Hattem.<\/p>\n<p>\u201cRessalto ainda, que se o parlamentar extrapolou suas fun\u00e7\u00f5es, o Ministro da Justi\u00e7a e Seguran\u00e7a P\u00fablica deveria comunicar o fato ao Presidente da C\u00e2mara para que medidas fossem tomadas no sentido de apurar o poss\u00edvel desvio de conduta. Fato que n\u00e3o foi feita tal comunica\u00e7\u00e3o, tendo em vista que a verdadeira inten\u00e7\u00e3o da abertura de um Inqu\u00e9rito Policial contra o Deputado Federal Marcel Van Hattem (Novo-RS), ao nosso ver, \u00e9 de tentar intimidar e coagir um Deputado Federal, eleito pelo povo\u201d, escreveu Gilvan da Federal.<\/p>\n<p>O parlamentar conclui o requerimento com a afirma\u00e7\u00e3o de que \u201co esclarecimento do ministro tamb\u00e9m se faz necess\u00e1rio para garantir a transpar\u00eancia e assegurar que as autoridades federais atuem dentro dos limites estabelecidos pela Constitui\u00e7\u00e3o, evitando abusos que possam comprometer o equil\u00edbrio entre os poderes\u201d.<\/p>\n<h3 class=\"wp-block-heading\">A manifesta\u00e7\u00e3o de deputado na comiss\u00e3o<\/h3>\n<p>Marcel van Hattem participou da reuni\u00e3o da Comiss\u00e3o de Seguran\u00e7a como convidado e, em pronunciamento, defendeu a imunidade parlamentar.<\/p>\n<p>\u201cT\u00e3o somente nos referimos ao trabalho do policial e, ainda que assim n\u00e3o o fosse, a imunidade parlamentar nos garante inviolabilidade sobre quaisquer palavras e votos, independentemente se estiv\u00e9ssemos tratando da p\u00e9ssima conduta profissional \u2013 para n\u00e3o dizer criminosa desse policial federal F\u00e1bio Alvarez Shor, ou se estiv\u00e9ssemos nos referindo \u00e0 sua conduta pessoal\u201d, declarou.<\/p>\n<p>Hattem tamb\u00e9m lamentou que em vez de investigar as den\u00fancias de que fez, de abuso de autoridade, ele pr\u00f3prio, o denunciante, seja o investigado.<\/p>\n<blockquote class=\"wp-block-quote is-layout-flow wp-block-quote-is-layout-flow\">\n<figure class=\"wp-block-embed is-type-rich is-provider-twitter wp-block-embed-twitter\">\n<div class=\"wp-block-embed__wrapper\">\n<blockquote class=\"twitter-tweet\" data-width=\"550\" data-dnt=\"true\">\n<p lang=\"pt\" dir=\"ltr\">A Comiss\u00e3o de Seguran\u00e7a P\u00fablica da C\u00e2mara dos Deputados aprovou requerimento para convocar o ministro da Justi\u00e7a, Ricardo Lewandowski, para falar sobre a abertura de inqu\u00e9rito policial contra o deputado federal Marcel van Hattem (Novo-RS).  O parlamentar ga\u00facho considera absurdo\u2026 <a href=\"https:\/\/t.co\/naicMgjnLP\">pic.twitter.com\/naicMgjnLP<\/a><\/p>\n<p>\u2014 Revista Oeste (@revistaoeste) <a href=\"https:\/\/twitter.com\/revistaoeste\/status\/1851976122394689636?ref_src=twsrc%5Etfw\">October 31, 2024<\/a><\/p><\/blockquote>\n<\/div>\n<\/figure>\n<\/blockquote>\n<p>O deputado ga\u00facho disse, ainda, que at\u00e9 agora a Pol\u00edcia Federal mobilizou, apenas para fazer tramitar o inqu\u00e9rito contra ele, nove delegados federais, cinco agentes federais e diversos servidores p\u00fablicos.<\/p>\n<p><strong><a href=\"https:\/\/revistaoeste.com\/politica\/comissao-da-camara-vai-convocar-lewandowski-para-falar-sobre-inquerito-contra-van-hattem\/\">Source link<\/a><\/strong><\/p>\n<\/div>\n<p><script async src=\"\/\/platform.twitter.com\/widgets.js\" charset=\"utf-8\"><\/script><br \/>\n<br \/><br \/>\n<br \/><a href=\"https:\/\/paulofigueiredoshow.com\/comissao-da-camara-vai-convocar-lewandowski-para-falar-sobre-inquerito-contra-van-hattem\/\">Source link <\/a><\/p>","protected":false},"excerpt":{"rendered":"<p>Deputado \u00e9 investigado por pronunciamento no Congresso Nacional, o que fere a imunidade parlamentar A Comiss\u00e3o de Seguran\u00e7a P\u00fablica e Combate ao Crime Organizado da C\u00e2mara dos Deputados aprovou requerimento&hellip;<\/p>","protected":false},"author":1,"featured_media":49649,"comment_status":"closed","ping_status":"open","sticky":false,"template":"","format":"standard","meta":{"content-type":"","footnotes":""},"categories":[16],"tags":[],"class_list":["post-53613","post","type-post","status-publish","format-standard","has-post-thumbnail","hentry","category-noticias"],"_links":{"self":[{"href":"https:\/\/tvbrazilusa.com\/pt\/wp-json\/wp\/v2\/posts\/53613","targetHints":{"allow":["GET"]}}],"collection":[{"href":"https:\/\/tvbrazilusa.com\/pt\/wp-json\/wp\/v2\/posts"}],"about":[{"href":"https:\/\/tvbrazilusa.com\/pt\/wp-json\/wp\/v2\/types\/post"}],"author":[{"embeddable":true,"href":"https:\/\/tvbrazilusa.com\/pt\/wp-json\/wp\/v2\/users\/1"}],"replies":[{"embeddable":true,"href":"https:\/\/tvbrazilusa.com\/pt\/wp-json\/wp\/v2\/comments?post=53613"}],"version-history":[{"count":1,"href":"https:\/\/tvbrazilusa.com\/pt\/wp-json\/wp\/v2\/posts\/53613\/revisions"}],"predecessor-version":[{"id":53614,"href":"https:\/\/tvbrazilusa.com\/pt\/wp-json\/wp\/v2\/posts\/53613\/revisions\/53614"}],"wp:featuredmedia":[{"embeddable":true,"href":"https:\/\/tvbrazilusa.com\/pt\/wp-json\/wp\/v2\/media\/49649"}],"wp:attachment":[{"href":"https:\/\/tvbrazilusa.com\/pt\/wp-json\/wp\/v2\/media?parent=53613"}],"wp:term":[{"taxonomy":"category","embeddable":true,"href":"https:\/\/tvbrazilusa.com\/pt\/wp-json\/wp\/v2\/categories?post=53613"},{"taxonomy":"post_tag","embeddable":true,"href":"https:\/\/tvbrazilusa.com\/pt\/wp-json\/wp\/v2\/tags?post=53613"}],"curies":[{"name":"wp","href":"https:\/\/api.w.org\/{rel}","templated":true}]}}