{"id":53634,"date":"2024-10-31T17:46:38","date_gmt":"2024-10-31T17:46:38","guid":{"rendered":"https:\/\/tvbrazilusa.com\/2024\/10\/31\/gerente-de-loja-e-detido-por-filmar-mulheres-em-provadores\/"},"modified":"2024-10-31T17:46:40","modified_gmt":"2024-10-31T17:46:40","slug":"gerente-de-loja-e-detido-por-filmar-mulheres-em-provadores","status":"publish","type":"post","link":"https:\/\/tvbrazilusa.com\/pt\/2024\/10\/31\/gerente-de-loja-e-detido-por-filmar-mulheres-em-provadores\/","title":{"rendered":"Gerente de loja \u00e9 detido por filmar mulheres em provadores"},"content":{"rendered":"<p> <script async src=\"https:\/\/pagead2.googlesyndication.com\/pagead\/js\/adsbygoogle.js?client=ca-pub-8864793242727901\"\r\n     crossorigin=\"anonymous\"><\/script><br \/>\n<\/p>\n<div id=\"taboola-read-more\" style=\"display:block; width:100%\">\n<p>O gerente de um estabelecimento em T\u00f3quio da rede japonesa de lojas de roupas Uniqlo foi preso sob a acusa\u00e7\u00e3o de gravar nove mulheres nos provadores, incluindo uma adolescente, conforme anunciou nesta quinta-feira (31) o Departamento de Pol\u00edcia Metropolitana da capital japonesa.\n<\/p>\n<p>O homem, chamado Kohei Takahashi, de 35 anos, morador da cidade de Akiruno, no oeste da prov\u00edncia de T\u00f3quio, foi acusado de violar a lei que pro\u00edbe a filmagem clandestina de imagens sexuais e admitiu as acusa\u00e7\u00f5es.<\/p>\n<p>\u2013 N\u00e3o consegui evitar a vontade de ver suas roupas \u00edntimas \u2013 disse o funcion\u00e1rio \u00e0 pol\u00edcia, segundo o jornal japon\u00eas Mainichi.\n<\/p>\n<p>O acusado, gerente de uma loja Uniqlo no bairro de Bunkyo, em T\u00f3quio, obteve as imagens das v\u00edtimas, incluindo uma menina de 15 anos, inserindo um celular sob a cortina do provador, algo que vinha fazendo desde o m\u00eas de junho, segundo sua confiss\u00e3o.\n<\/p>\n<p>Takahashi foi interrogado em 23 de agosto por supostamente tentar tirar fotos de uma estudante do ensino m\u00e9dio em um trem de T\u00f3quio.\n<\/p>\n<p>Enquanto era investigado pelo incidente no trem, a pol\u00edcia encontrou em seu telefone 44 v\u00eddeos \u00edntimos de mulheres, que se acredita terem sido feitos nos provadores da mencionada loja.\n<\/p>\n<p>A conhecida cadeia t\u00eaxtil japonesa emitiu um comunicado dizendo:\n<\/p>\n<p>\u2013 Pedimos profundas desculpas \u00e0s v\u00edtimas e \u00e0s suas fam\u00edlias. Levamos muito a s\u00e9rio o fato de ter ocorrido uma quebra de confian\u00e7a em uma loja onde os clientes deveriam poder fazer compras com tranquilidade, e tomaremos rapidamente as medidas necess\u00e1rias, como revisar o equipamento da loja, incluindo c\u00e2meras de seguran\u00e7a, e realizar treinamento exaustivo aos funcion\u00e1rios \u2013 acrescentou o documento.\n<\/p>\n<p>*EFE\n<\/p>\n<p>Fonte: Pleno News              <\/p>\n<\/div>\n<p><br \/>\n<br \/><a href=\"https:\/\/diariodobrasilnoticias.com.br\/noticia\/gerente-de-loja-e-detido-por-filmar-mulheres-em-provadores-6723a31fa83b1\">Source link <\/a><\/p>","protected":false},"excerpt":{"rendered":"<p>O gerente de um estabelecimento em T\u00f3quio da rede japonesa de lojas de roupas Uniqlo foi preso sob a acusa\u00e7\u00e3o de gravar nove mulheres nos provadores, incluindo uma adolescente, conforme&hellip;<\/p>","protected":false},"author":1,"featured_media":53635,"comment_status":"closed","ping_status":"open","sticky":false,"template":"","format":"standard","meta":{"content-type":"","footnotes":""},"categories":[16],"tags":[123,2448,5313,1267],"class_list":["post-53634","post","type-post","status-publish","format-standard","has-post-thumbnail","hentry","category-noticias","tag-brasil","tag-diario","tag-noticia","tag-noticias"],"_links":{"self":[{"href":"https:\/\/tvbrazilusa.com\/pt\/wp-json\/wp\/v2\/posts\/53634","targetHints":{"allow":["GET"]}}],"collection":[{"href":"https:\/\/tvbrazilusa.com\/pt\/wp-json\/wp\/v2\/posts"}],"about":[{"href":"https:\/\/tvbrazilusa.com\/pt\/wp-json\/wp\/v2\/types\/post"}],"author":[{"embeddable":true,"href":"https:\/\/tvbrazilusa.com\/pt\/wp-json\/wp\/v2\/users\/1"}],"replies":[{"embeddable":true,"href":"https:\/\/tvbrazilusa.com\/pt\/wp-json\/wp\/v2\/comments?post=53634"}],"version-history":[{"count":1,"href":"https:\/\/tvbrazilusa.com\/pt\/wp-json\/wp\/v2\/posts\/53634\/revisions"}],"predecessor-version":[{"id":53636,"href":"https:\/\/tvbrazilusa.com\/pt\/wp-json\/wp\/v2\/posts\/53634\/revisions\/53636"}],"wp:featuredmedia":[{"embeddable":true,"href":"https:\/\/tvbrazilusa.com\/pt\/wp-json\/wp\/v2\/media\/53635"}],"wp:attachment":[{"href":"https:\/\/tvbrazilusa.com\/pt\/wp-json\/wp\/v2\/media?parent=53634"}],"wp:term":[{"taxonomy":"category","embeddable":true,"href":"https:\/\/tvbrazilusa.com\/pt\/wp-json\/wp\/v2\/categories?post=53634"},{"taxonomy":"post_tag","embeddable":true,"href":"https:\/\/tvbrazilusa.com\/pt\/wp-json\/wp\/v2\/tags?post=53634"}],"curies":[{"name":"wp","href":"https:\/\/api.w.org\/{rel}","templated":true}]}}