{"id":53640,"date":"2024-10-31T18:13:14","date_gmt":"2024-10-31T18:13:14","guid":{"rendered":"https:\/\/tvbrazilusa.com\/2024\/10\/31\/bolsonaro-diz-que-errou-ao-dar-medalha-para-pablo-marcal\/"},"modified":"2024-10-31T18:13:16","modified_gmt":"2024-10-31T18:13:16","slug":"bolsonaro-diz-que-errou-ao-dar-medalha-para-pablo-marcal","status":"publish","type":"post","link":"https:\/\/tvbrazilusa.com\/pt\/2024\/10\/31\/bolsonaro-diz-que-errou-ao-dar-medalha-para-pablo-marcal\/","title":{"rendered":"Bolsonaro diz que errou ao dar medalha para Pablo Mar\u00e7al"},"content":{"rendered":"<p> <script async src=\"https:\/\/pagead2.googlesyndication.com\/pagead\/js\/adsbygoogle.js?client=ca-pub-8864793242727901\"\r\n     crossorigin=\"anonymous\"><\/script><br \/>\n<\/p>\n<div>\n<figure class=\"post-image\">\n<\/figure>\n<p>            <span style=\"font-size: 12px\">Foto: Reprodu\u00e7\u00e3o \/Arquivo Pessoal<\/span><\/p>\n<p>            <!-- end metas --><br \/>\n            <!-- ADS --><\/p>\n<div id=\"taboola-read-more\" style=\"display:block; width:100%\">\n<p>O ex-presidente Jair Bolsonaro (PL) considerou que errou ao ter dado uma medalha de \u201cimbroch\u00e1vel\u201d ao empres\u00e1rio Pablo Mar\u00e7al (PRTB), fato que aconteceu durante um encontro entre os dois em junho deste ano. A declara\u00e7\u00e3o foi dada pelo ex-chefe do Executivo na \u00faltima ter\u00e7a-feira (29) em uma entrevista coletiva realizada no Senado.\n<\/p>\n<p>\u2013 Como come\u00e7ou a onda Mar\u00e7al? H\u00e1 tr\u00eas meses ele queria falar comigo, eu conversei com ele. S\u00f3 ele e mais ningu\u00e9m. At\u00e9 dei uma medalha para ele, onde eu errei. Ele saiu de l\u00e1 e duas horas depois estava no jornal O Estado de S\u00e3o Paulo que eu ia apoi\u00e1-lo e n\u00e3o o Nunes \u2013 disse Bolsonaro.<\/p>\n<p>Aos jornalistas, o ex-presidente tamb\u00e9m chegou a ser questionado se aceitaria uma filia\u00e7\u00e3o de Mar\u00e7al ao PL, mas respondeu enfaticamente: \u201cSe depender de mim, n\u00e3o\u201d.\n<\/p>\n<p>Bolsonaro esteve no Senado, nesta semana, para discutir com os parlamentares do PL qual seria o posicionamento da sigla em rela\u00e7\u00e3o ao projeto de lei que prev\u00ea a anistia das penas aplicadas aos presos pelos atos de 8 de janeiro de 2023.\n<\/p>\n<p>MAR\u00c7AL DIZ QUE DEVOLVER\u00c1 MEDALHA<br \/>Ao colunista Paulo Cappelli, do site Metr\u00f3poles, Mar\u00e7al reagiu \u00e0 fala de Bolsonaro e disse que devolver\u00e1 o item que recebeu do ex-presidente.\n<\/p>\n<p>\u2013 Fala para ele pegar comigo essa medalha. Eu entrego para ele. J\u00e1 que ele diz que foi um erro, diz a ele que vou devolver no debate de 2026 [\u00e0 Presid\u00eancia]. Vou devolver a medalha que ele me deu e entregar outra para ele \u2013 declarou.<\/p>\n<p>Fonte: Pleno News              <\/p>\n<\/div>\n<p>                        <!-- Scripts para conteudo --><\/p>\n<p>            <!-- .\/Scripts para conteudo --><br \/>\n            <!-- .\/Mat\u00e9ria --><\/p>\n<div class=\"row mt-3\">\n<div class=\"col-sm-6\">\n                <!-- Whatsapp channel 3--><br \/>\n                <a href=\"https:\/\/chat.whatsapp.com\/J6hwSKYns5B0XFowx2wZ0P\" target=\"_blank\" rel=\"noopener\"><br \/>\n                  <img decoding=\"async\" src=\"https:\/\/diariodobrasilnoticias.com.br\/assets-site\/images\/bot_whatsapp.png\"\/><\/a>\n              <\/div>\n<div class=\"col-sm-6\">\n                <a href=\"https:\/\/t.me\/+_4gTmi5LKo03OTM5\" target=\"_blank\" rel=\"noopener\"><br \/>\n                  <img decoding=\"async\" src=\"https:\/\/diariodobrasilnoticias.com.br\/assets-site\/images\/bot_telegram.png\"\/><\/a>\n              <\/div>\n<\/p><\/div>\n<p>            <!-- end post-navigation --><\/p>\n<p>              <!-- end row --><\/p>\n<p>              <!-- end col-12-->\n                      <\/div>\n<p><br \/>\n<br \/><a href=\"https:\/\/diariodobrasilnoticias.com.br\/noticia\/bolsonaro-diz-que-errou-ao-dar-medalha-para-pablo-marcal-6723a51c39c8e\">Source link <\/a><\/p>","protected":false},"excerpt":{"rendered":"<p>Foto: Reprodu\u00e7\u00e3o \/Arquivo Pessoal O ex-presidente Jair Bolsonaro (PL) considerou que errou ao ter dado uma medalha de \u201cimbroch\u00e1vel\u201d ao empres\u00e1rio Pablo Mar\u00e7al (PRTB), fato que aconteceu durante um encontro&hellip;<\/p>","protected":false},"author":1,"featured_media":53641,"comment_status":"closed","ping_status":"open","sticky":false,"template":"","format":"standard","meta":{"content-type":"","footnotes":""},"categories":[16],"tags":[123,2448,5313,1267],"class_list":["post-53640","post","type-post","status-publish","format-standard","has-post-thumbnail","hentry","category-noticias","tag-brasil","tag-diario","tag-noticia","tag-noticias"],"_links":{"self":[{"href":"https:\/\/tvbrazilusa.com\/pt\/wp-json\/wp\/v2\/posts\/53640","targetHints":{"allow":["GET"]}}],"collection":[{"href":"https:\/\/tvbrazilusa.com\/pt\/wp-json\/wp\/v2\/posts"}],"about":[{"href":"https:\/\/tvbrazilusa.com\/pt\/wp-json\/wp\/v2\/types\/post"}],"author":[{"embeddable":true,"href":"https:\/\/tvbrazilusa.com\/pt\/wp-json\/wp\/v2\/users\/1"}],"replies":[{"embeddable":true,"href":"https:\/\/tvbrazilusa.com\/pt\/wp-json\/wp\/v2\/comments?post=53640"}],"version-history":[{"count":1,"href":"https:\/\/tvbrazilusa.com\/pt\/wp-json\/wp\/v2\/posts\/53640\/revisions"}],"predecessor-version":[{"id":53642,"href":"https:\/\/tvbrazilusa.com\/pt\/wp-json\/wp\/v2\/posts\/53640\/revisions\/53642"}],"wp:featuredmedia":[{"embeddable":true,"href":"https:\/\/tvbrazilusa.com\/pt\/wp-json\/wp\/v2\/media\/53641"}],"wp:attachment":[{"href":"https:\/\/tvbrazilusa.com\/pt\/wp-json\/wp\/v2\/media?parent=53640"}],"wp:term":[{"taxonomy":"category","embeddable":true,"href":"https:\/\/tvbrazilusa.com\/pt\/wp-json\/wp\/v2\/categories?post=53640"},{"taxonomy":"post_tag","embeddable":true,"href":"https:\/\/tvbrazilusa.com\/pt\/wp-json\/wp\/v2\/tags?post=53640"}],"curies":[{"name":"wp","href":"https:\/\/api.w.org\/{rel}","templated":true}]}}