{"id":53655,"date":"2024-10-31T14:48:51","date_gmt":"2024-10-31T14:48:51","guid":{"rendered":"https:\/\/tvbrazilusa.com\/2024\/10\/31\/milei-substitui-chanceler-apos-voto-da-argentina-na-onu-a-favor-de-cuba-paulo-figueiredo\/"},"modified":"2024-10-31T18:54:26","modified_gmt":"2024-10-31T18:54:26","slug":"milei-substitui-chanceler-apos-voto-da-argentina-na-onu-a-favor-de-cuba-paulo-figueiredo","status":"publish","type":"post","link":"https:\/\/tvbrazilusa.com\/pt\/2024\/10\/31\/milei-substitui-chanceler-apos-voto-da-argentina-na-onu-a-favor-de-cuba-paulo-figueiredo\/","title":{"rendered":"Milei substitui chanceler ap\u00f3s voto da Argentina na ONU a favor de Cuba &#8211; Paulo Figueiredo"},"content":{"rendered":"<p> <script async src=\"https:\/\/pagead2.googlesyndication.com\/pagead\/js\/adsbygoogle.js?client=ca-pub-8864793242727901\"\r\n     crossorigin=\"anonymous\"><\/script><br \/>\n<\/p>\n<div id=\"wtr-content\" data-bg=\"#FFFFFF\" data-fg=\"#006d91\" data-width=\"25\" data-mute=\"1\" data-fgopacity=\"1.00\" data-mutedopacity=\"0.5\" data-placement=\"bottom\" data-placement-offset=\"0\" data-content-offset=\"262\" data-placement-touch=\"bottom\" data-placement-offset-touch=\"0\" data-transparent=\"\" data-shadow=\"0\" data-touch=\"1\" data-non-touch=\"1\" data-comments=\"0\" data-commentsbg=\"transparent\" data-location=\"page\" data-mutedfg=\"#006d91\" data-endfg=\"#006d91\" data-rtl=\"\">\n<p>O presidente da\u00a0Argentina,\u00a0Javier Milei, decidiu nesta quarta-feira (31) substituir a ministra das Rela\u00e7\u00f5es Exteriores,\u00a0Diana Mondino, ap\u00f3s o voto da Argentina a favor de\u00a0Cuba\u00a0na Assembleia Geral das Na\u00e7\u00f5es Unidas.<\/p>\n<p>\u201cO novo\u00a0ministro das Rela\u00e7\u00f5es Exteriores\u00a0da Rep\u00fablica Argentina \u00e9 o sr.\u00a0Gerardo Werthein\u201d, anunciou o porta-voz da presid\u00eancia,\u00a0Manuel Adorni, na rede social X (ex-Twitter).<\/p>\n<p>Minutos antes do an\u00fancio, o pr\u00f3prio Milei repostou uma mensagem da deputada Sabrina Ajmechet, na qual ela disse estar \u201corgulhosa de um governo que n\u00e3o apoia nem \u00e9 c\u00famplice de ditadores\u201d e declarou \u201cViva Cuba Livre\u201d.<\/p>\n<p>A\u00a0Assembleia Geral da ONU\u00a0aprovou nesta quarta-feira, por mais um ano e por uma maioria esmagadora uma resolu\u00e7\u00e3o n\u00e3o vinculativa contra as san\u00e7\u00f5es dos Estados Unidos a Cuba, que j\u00e1 duram 62 anos.<\/p>\n<p>Foram 187 votos a favor da resolu\u00e7\u00e3o, dois contra (EUA e Israel) e uma absten\u00e7\u00e3o (Mold\u00e1via).<\/p>\n<p>A Argentina, fiel \u00e0 sua posi\u00e7\u00e3o hist\u00f3rica sobre essa quest\u00e3o, votou a favor da resolu\u00e7\u00e3o.<\/p>\n<p>Essa decis\u00e3o foi uma surpresa no pa\u00eds devido ao forte alinhamento do governo de Milei com Israel e EUA na\u00a0pol\u00edtica externa\u00a0e \u00e0 rejei\u00e7\u00e3o enf\u00e1tica do pol\u00edtico aos governos de esquerda.<\/p>\n<p>Assim que o voto da Argentina na ONU se tornou conhecido, uma onda de rumores come\u00e7ou na imprensa local sobre a poss\u00edvel sa\u00edda de Mondino do governo.<\/p>\n<p>O novo ministro das Rela\u00e7\u00f5es Exteriores \u00e9 um importante empres\u00e1rio local, pr\u00f3ximo a Milei, e desde abril atua como embaixador da Argentina nos EUA.<\/p>\n<p>Veterin\u00e1rio de profiss\u00e3o, Werthein foi presidente do Comit\u00ea Ol\u00edmpico Argentino (COA) entre 2009 e 2021 e tamb\u00e9m membro do Comit\u00ea Ol\u00edmpico Internacional (COI).<\/p>\n<p><strong><a href=\"https:\/\/www.epochtimes.com.br\/mundo\/milei-substitui-chanceler-apos-voto-da-argentina-na-onu-a-favor-de-cuba-206700.html\">Source link<\/a><\/strong><\/p>\n<\/div>\n<p><br \/>\n<br \/><a href=\"https:\/\/paulofigueiredoshow.com\/milei-substitui-chanceler-apos-voto-da-argentina-na-onu-a-favor-de-cuba\/\">Source link <\/a><\/p>","protected":false},"excerpt":{"rendered":"<p>O presidente da\u00a0Argentina,\u00a0Javier Milei, decidiu nesta quarta-feira (31) substituir a ministra das Rela\u00e7\u00f5es Exteriores,\u00a0Diana Mondino, ap\u00f3s o voto da Argentina a favor de\u00a0Cuba\u00a0na Assembleia Geral das Na\u00e7\u00f5es Unidas. \u201cO novo\u00a0ministro&hellip;<\/p>","protected":false},"author":1,"featured_media":53656,"comment_status":"closed","ping_status":"open","sticky":false,"template":"","format":"standard","meta":{"content-type":"","footnotes":""},"categories":[16],"tags":[4723,3141,29742,831],"class_list":["post-53655","post","type-post","status-publish","format-standard","has-post-thumbnail","hentry","category-noticias","tag-chanceler","tag-favor","tag-gerardo-werthein","tag-milei"],"_links":{"self":[{"href":"https:\/\/tvbrazilusa.com\/pt\/wp-json\/wp\/v2\/posts\/53655","targetHints":{"allow":["GET"]}}],"collection":[{"href":"https:\/\/tvbrazilusa.com\/pt\/wp-json\/wp\/v2\/posts"}],"about":[{"href":"https:\/\/tvbrazilusa.com\/pt\/wp-json\/wp\/v2\/types\/post"}],"author":[{"embeddable":true,"href":"https:\/\/tvbrazilusa.com\/pt\/wp-json\/wp\/v2\/users\/1"}],"replies":[{"embeddable":true,"href":"https:\/\/tvbrazilusa.com\/pt\/wp-json\/wp\/v2\/comments?post=53655"}],"version-history":[{"count":1,"href":"https:\/\/tvbrazilusa.com\/pt\/wp-json\/wp\/v2\/posts\/53655\/revisions"}],"predecessor-version":[{"id":53657,"href":"https:\/\/tvbrazilusa.com\/pt\/wp-json\/wp\/v2\/posts\/53655\/revisions\/53657"}],"wp:featuredmedia":[{"embeddable":true,"href":"https:\/\/tvbrazilusa.com\/pt\/wp-json\/wp\/v2\/media\/53656"}],"wp:attachment":[{"href":"https:\/\/tvbrazilusa.com\/pt\/wp-json\/wp\/v2\/media?parent=53655"}],"wp:term":[{"taxonomy":"category","embeddable":true,"href":"https:\/\/tvbrazilusa.com\/pt\/wp-json\/wp\/v2\/categories?post=53655"},{"taxonomy":"post_tag","embeddable":true,"href":"https:\/\/tvbrazilusa.com\/pt\/wp-json\/wp\/v2\/tags?post=53655"}],"curies":[{"name":"wp","href":"https:\/\/api.w.org\/{rel}","templated":true}]}}