{"id":53664,"date":"2024-10-31T19:32:37","date_gmt":"2024-10-31T19:32:37","guid":{"rendered":"https:\/\/tvbrazilusa.com\/2024\/10\/31\/o-cfm-se-manifesta-contrario-as-cotas-nas-residencias-medicas\/"},"modified":"2024-10-31T19:32:39","modified_gmt":"2024-10-31T19:32:39","slug":"o-cfm-se-manifesta-contrario-as-cotas-nas-residencias-medicas","status":"publish","type":"post","link":"https:\/\/tvbrazilusa.com\/pt\/2024\/10\/31\/o-cfm-se-manifesta-contrario-as-cotas-nas-residencias-medicas\/","title":{"rendered":"O CFM se manifesta contr\u00e1rio \u00e0s cotas nas resid\u00eancias m\u00e9dicas"},"content":{"rendered":"<p> <script async src=\"https:\/\/pagead2.googlesyndication.com\/pagead\/js\/adsbygoogle.js?client=ca-pub-8864793242727901\"\r\n     crossorigin=\"anonymous\"><\/script><br \/>\n<\/p>\n<div id=\"taboola-read-more\" style=\"display:block; width:100%\">\n<p>O Conselho Federal de Medicina (CFM) se posicionou contr\u00e1rio \u00e0 implementa\u00e7\u00e3o de cotas nas Resid\u00eancias M\u00e9dicas. Segundo a institui\u00e7\u00e3o, as desigualdades educacionais j\u00e1 foram mitigadas pela inclus\u00e3o de grupos historicamente menos favorecidos nas faculdades de medicina, onde todos tiveram acesso \u00e0 mesma qualidade de ensino.\n<\/p>\n<p>O parecer foi divulgado nessa quarta-feira (30), em resposta ao Exame Nacional de Resid\u00eancia (Enare), que reservou 30% das vagas para negros, ind\u00edgenas, quilombolas e portadores de necessidades especiais (PcDs). Na \u00faltima semana, um edital da Universidade Estadual de Londrina (UEL), no Paran\u00e1, tamb\u00e9m recebeu cr\u00edticas devido \u00e0 distribui\u00e7\u00e3o de vagas para cotistas, e foi anulado.<\/p>\n<p>No posicionamento do CFM, a entidade informa que v\u00e1rias universidades passaram a criar cotas para suas resid\u00eancias a partir da decis\u00e3o da empresa Brasileira de Servi\u00e7os Hospitalares (Ebserh) em rela\u00e7\u00e3o \u00e0 reserva de vagas afirmativas no Enare, o que \u201cvai criar uma discrimina\u00e7\u00e3o reversa\u201d.\n<\/p>\n<p>Segundo o conselho, as pol\u00edticas afirmativas s\u00e3o importantes para o princ\u00edpio da equidade, mas n\u00e3o se aplicam \u00e0 sele\u00e7\u00e3o em resid\u00eancias m\u00e9dicas, que n\u00e3o se tratam de concursos para provimento de cargos p\u00fablicos.\n<\/p>\n<p>Afinal, \u201ctodos tiveram a mesma forma\u00e7\u00e3o intelectual e profissional e fazem parte de uma relevante categoria profissional\u201d, aponta o CFM, citando ainda que \u201co registro no Conselho Regional de Medicina (CRM) significa que todos s\u00e3o m\u00e9dicos, n\u00e3o havendo lacunas de conhecimento que justifiquem tratamento diferenciado para alguns\u201d.\n<\/p>\n<p>O Conselho ainda enfatiza que a introdu\u00e7\u00e3o de cotas pode criar a percep\u00e7\u00e3o de privil\u00e9gios injustificados dentro da classe m\u00e9dica e interferir na manuten\u00e7\u00e3o da resid\u00eancia m\u00e9dica como padr\u00e3o-ouro na forma\u00e7\u00e3o de especialistas.\n<\/p>\n<p>Para a institui\u00e7\u00e3o, o acesso aos programas deve ser baseado no m\u00e9rito acad\u00eamico de conhecimento, \u201cmotivo pelo qual o CFM ajuizou a\u00e7\u00e3o judicial para este fim\u201d, informa.\n<\/p>\n<p>Fonte: Gazeta do Povo              <\/p>\n<\/div>\n<p><br \/>\n<br \/><a href=\"https:\/\/diariodobrasilnoticias.com.br\/noticia\/o-cfm-se-manifesta-contrario-as-cotas-nas-residencias-medicas-6723be1a76344\">Source link <\/a><\/p>","protected":false},"excerpt":{"rendered":"<p>O Conselho Federal de Medicina (CFM) se posicionou contr\u00e1rio \u00e0 implementa\u00e7\u00e3o de cotas nas Resid\u00eancias M\u00e9dicas. Segundo a institui\u00e7\u00e3o, as desigualdades educacionais j\u00e1 foram mitigadas pela inclus\u00e3o de grupos historicamente&hellip;<\/p>","protected":false},"author":1,"featured_media":53665,"comment_status":"closed","ping_status":"open","sticky":false,"template":"","format":"standard","meta":{"content-type":"","footnotes":""},"categories":[16],"tags":[123,2448,5313,1267],"class_list":["post-53664","post","type-post","status-publish","format-standard","has-post-thumbnail","hentry","category-noticias","tag-brasil","tag-diario","tag-noticia","tag-noticias"],"_links":{"self":[{"href":"https:\/\/tvbrazilusa.com\/pt\/wp-json\/wp\/v2\/posts\/53664","targetHints":{"allow":["GET"]}}],"collection":[{"href":"https:\/\/tvbrazilusa.com\/pt\/wp-json\/wp\/v2\/posts"}],"about":[{"href":"https:\/\/tvbrazilusa.com\/pt\/wp-json\/wp\/v2\/types\/post"}],"author":[{"embeddable":true,"href":"https:\/\/tvbrazilusa.com\/pt\/wp-json\/wp\/v2\/users\/1"}],"replies":[{"embeddable":true,"href":"https:\/\/tvbrazilusa.com\/pt\/wp-json\/wp\/v2\/comments?post=53664"}],"version-history":[{"count":1,"href":"https:\/\/tvbrazilusa.com\/pt\/wp-json\/wp\/v2\/posts\/53664\/revisions"}],"predecessor-version":[{"id":53666,"href":"https:\/\/tvbrazilusa.com\/pt\/wp-json\/wp\/v2\/posts\/53664\/revisions\/53666"}],"wp:featuredmedia":[{"embeddable":true,"href":"https:\/\/tvbrazilusa.com\/pt\/wp-json\/wp\/v2\/media\/53665"}],"wp:attachment":[{"href":"https:\/\/tvbrazilusa.com\/pt\/wp-json\/wp\/v2\/media?parent=53664"}],"wp:term":[{"taxonomy":"category","embeddable":true,"href":"https:\/\/tvbrazilusa.com\/pt\/wp-json\/wp\/v2\/categories?post=53664"},{"taxonomy":"post_tag","embeddable":true,"href":"https:\/\/tvbrazilusa.com\/pt\/wp-json\/wp\/v2\/tags?post=53664"}],"curies":[{"name":"wp","href":"https:\/\/api.w.org\/{rel}","templated":true}]}}