{"id":53667,"date":"2024-10-31T19:24:37","date_gmt":"2024-10-31T19:24:37","guid":{"rendered":"https:\/\/tvbrazilusa.com\/2024\/10\/31\/escolhas-de-artes-1-a-3-de-novembro-jacksonville-hoje\/"},"modified":"2024-10-31T19:36:13","modified_gmt":"2024-10-31T19:36:13","slug":"escolhas-de-artes-1-a-3-de-novembro-jacksonville-hoje","status":"publish","type":"post","link":"https:\/\/tvbrazilusa.com\/pt\/2024\/10\/31\/escolhas-de-artes-1-a-3-de-novembro-jacksonville-hoje\/","title":{"rendered":"ESCOLHAS DE ARTES | 1 a 3 de novembro | Jacksonville hoje"},"content":{"rendered":"<p> <script async src=\"https:\/\/pagead2.googlesyndication.com\/pagead\/js\/adsbygoogle.js?client=ca-pub-8864793242727901\"\r\n     crossorigin=\"anonymous\"><\/script><br \/>\n<\/p>\n<div>\n<p><em>O editor de artes e cultura do Jacksonville Today, Matt Shaw, compartilha suas escolhas art\u00edsticas e culturais para o fim de semana.<\/em><\/p>\n<div class=\"wp-block-image\">\n<figure class=\"aligncenter size-large\"><\/figure>\n<\/div>\n<p><strong>Sexta e S\u00e1bado <\/strong><\/p>\n<p><strong>Bolero de Rodrigo e Ravel<\/strong><\/p>\n<p><strong>Sala Sinf\u00f4nica Jacoby | Centro de Jacksonville<\/strong><\/p>\n<p>O fen\u00f4meno da guitarra cl\u00e1ssica nascido em Montenegro, Milo\u0161 Karadagli\u0107, junta-se \u00e0 Orquestra Sinf\u00f4nica de Jacksonville para interpretar a m\u00fasica do compositor espanhol Joaqu\u00edn Rodrigo <em>Concerto de Aranjuez<\/em> e obras do compositor franc\u00eas Maurice Ravel, incluindo o famoso <em>Bolero<\/em>. Apresenta\u00e7\u00f5es: <strong>19h30<\/strong> <a href=\"https:\/\/my.jaxsymphony.org\/events\" rel=\"nofollow noopener\" target=\"_blank\">Ingressos e mais informa\u00e7\u00f5es<\/a>.<\/p>\n<div class=\"wp-block-image\">\n<figure class=\"aligncenter size-large\"><img color=\"442454\" transparency=\"true\" style=\"--dominant-color: #442454;\" decoding=\"async\" src=\"https:\/\/jaxtoday.org\/wp-content\/uploads\/2024\/10\/LIZZIE-Logo-3-1024x1024.webp\" alt=\"\" class=\"has-transparency wp-image-80514 wpsmartcrop-image\" data-smartcrop-focus=\"[50,37]\"\/><\/figure>\n<\/div>\n<p><strong>Sexta, S\u00e1bado e Domingo<\/strong><\/p>\n<p><strong>Presentes de 5 centavos: <em>Lizzie, a Musical <\/em><\/strong><\/p>\n<p><strong>Bal\u00e9 da Fl\u00f3rida | Reg\u00eancia<\/strong> <\/p>\n<p>A companhia de teatro local sem fins lucrativos, 5 &#038; Dime, continua sua s\u00e9rie de apresenta\u00e7\u00f5es de <em>Lizzie, O Musical. <\/em>Baseada no final do s\u00e9culo 19 e com trilha sonora de rock, a produ\u00e7\u00e3o de 2009 conta a hist\u00f3ria de Lizzie Bowden, que foi acusada de assassinar seu pai e sua nova esposa, e a pol\u00eamica absolvi\u00e7\u00e3o de Lizzie. Apresenta\u00e7\u00f5es noturnas: 20h. Matin\u00ea de domingo: 14h. Ingressos: $ 27 online; $ 30 na porta. 5 &#038; \u200b\u200bDime tamb\u00e9m oferece admiss\u00e3o pague o que puder. <a href=\"https:\/\/www.the5anddime.org\/lizzie-the-musical\" rel=\"nofollow noopener\" target=\"_blank\">Ingressos e mais informa\u00e7\u00f5es<\/a>. <\/p>\n<hr class=\"wp-block-separator has-alpha-channel-opacity\"\/>\n<figure class=\"wp-block-image size-full\"><img loading=\"lazy\" color=\"6b4b60\" transparency=\"false\" style=\"--dominant-color: #6b4b60;\" decoding=\"async\" width=\"1000\" height=\"564\" src=\"https:\/\/jaxtoday.org\/wp-content\/uploads\/2024\/10\/9fd43df3-d2e7-8c21-29f4-ab443c8e0d14.jpg\" alt=\"\" class=\"not-transparent wp-image-79540 wpsmartcrop-image\" srcset=\"https:\/\/jaxtoday.org\/wp-content\/uploads\/2024\/10\/9fd43df3-d2e7-8c21-29f4-ab443c8e0d14.jpg 1000w, https:\/\/jaxtoday.org\/wp-content\/uploads\/2024\/10\/9fd43df3-d2e7-8c21-29f4-ab443c8e0d14-300x169.jpg 300w, https:\/\/jaxtoday.org\/wp-content\/uploads\/2024\/10\/9fd43df3-d2e7-8c21-29f4-ab443c8e0d14-768x433.jpg 768w, https:\/\/jaxtoday.org\/wp-content\/uploads\/2024\/10\/9fd43df3-d2e7-8c21-29f4-ab443c8e0d14-800x450.jpg 800w, https:\/\/jaxtoday.org\/wp-content\/uploads\/2024\/10\/9fd43df3-d2e7-8c21-29f4-ab443c8e0d14-1200x675.jpg 1200w, https:\/\/jaxtoday.org\/wp-content\/uploads\/2024\/10\/9fd43df3-d2e7-8c21-29f4-ab443c8e0d14-426x240.jpg 426w, https:\/\/jaxtoday.org\/wp-content\/uploads\/2024\/10\/9fd43df3-d2e7-8c21-29f4-ab443c8e0d14-100x56.jpg 100w\" sizes=\"auto, (max-width: 1000px) 100vw, 1000px\" data-smartcrop-focus=\"[50,50]\"\/><figcaption class=\"wp-element-caption\">O elenco de \u201cCadillac Crew\u201d do Lumen Repertory Theatre. <\/figcaption><\/figure>\n<p><strong>Sexta e S\u00e1bado<\/strong><\/p>\n<p><strong>Lumen Repertory Theatre apresenta Cadillac Crew <\/strong><\/p>\n<p><strong>Igreja de S\u00e3o Marcos | S\u00e3o Marcos <\/strong><\/p>\n<p>A companhia de teatro regional Lumen Repertory apresenta as duas \u00faltimas apresenta\u00e7\u00f5es do aclamado dramaturgo Tori Sampson <em>Tripula\u00e7\u00e3o Cadillac<\/em>. A pe\u00e7a, que estreou no Yale Repertory em 2019, segue quatro ativistas dos direitos civis dos anos 1960 \u2013 Rachel, Abby, Dee e Sarah \u2013 navegando nos limites do seu lugar tanto na sociedade como dentro do pr\u00f3prio movimento de protesto. \u00c9 descrito \u201ccomo uma hist\u00f3ria de irmandade e das complexidades da luta pela igualdade\u201d. Apresenta\u00e7\u00f5es: <strong>19h30 <\/strong><a href=\"https:\/\/www.lumenrep.org\/shows\/cadillaccrew\" rel=\"nofollow noopener\" target=\"_blank\">Ingressos e mais informa\u00e7\u00f5es<\/a>. <\/p>\n<hr class=\"wp-block-separator has-alpha-channel-opacity\"\/>\n<div class=\"wp-block-image\">\n<figure class=\"aligncenter size-full\"><img loading=\"lazy\" color=\"241914\" transparency=\"false\" style=\"--dominant-color: #241914;\" decoding=\"async\" width=\"960\" height=\"400\" src=\"https:\/\/jaxtoday.org\/wp-content\/uploads\/2024\/10\/JDT-TRACE.jpg\" alt=\"\" class=\"not-transparent wp-image-80515\" srcset=\"https:\/\/jaxtoday.org\/wp-content\/uploads\/2024\/10\/JDT-TRACE.jpg 960w, https:\/\/jaxtoday.org\/wp-content\/uploads\/2024\/10\/JDT-TRACE-300x125.jpg 300w, https:\/\/jaxtoday.org\/wp-content\/uploads\/2024\/10\/JDT-TRACE-768x320.jpg 768w, https:\/\/jaxtoday.org\/wp-content\/uploads\/2024\/10\/JDT-TRACE-576x240.jpg 576w, https:\/\/jaxtoday.org\/wp-content\/uploads\/2024\/10\/JDT-TRACE-100x42.jpg 100w\" sizes=\"auto, (max-width: 960px) 100vw, 960px\"\/><\/figure>\n<\/div>\n<p><strong>S\u00e1bado <\/strong><\/p>\n<p><strong>O Jacksonville Dance Theatre apresenta: <em>Rastreamento<\/em><\/strong><\/p>\n<p><strong>Teatro Fl\u00f3rida | Centro de Jacksonville<\/strong><\/p>\n<p>A companhia de dan\u00e7a profissional local Jacksonville Dance Theatre apresenta seu programa de repert\u00f3rio de outono <em>Rastreamento<\/em>que apresenta obras coreogr\u00e1ficas inspiradas em figuras hist\u00f3ricas da linhagem da dan\u00e7a moderna americana, com encomendas do ex-dan\u00e7arino da Erick Hawkins Company, Louis Kavouras, e da performer da Paul Taylor Dance Company, Susan Dodge, entre outras pe\u00e7as. Al\u00e9m disso, a Diretora Art\u00edstica da JDT, Rebecca R. Levy, apresenta seu trabalho \u201cTomb\u201d, acompanhado por uma performance ao vivo do Wind Ensemble da Sinf\u00f4nica de Jacksonville. Mostrar: <strong>20h<\/strong> <a href=\"https:\/\/floridatheatre.showare.com\/eventperformances.asp?evt=1267\" rel=\"nofollow noopener\" target=\"_blank\">Ingressos e mais informa\u00e7\u00f5es<\/a>. <\/p>\n<\/div>\n<p><br \/>\n<br \/><a href=\"https:\/\/jaxtoday.org\/2024\/10\/31\/arts-picks-nov-1-3\/\">Source link <\/a><\/p>","protected":false},"excerpt":{"rendered":"<p>O editor de artes e cultura do Jacksonville Today, Matt Shaw, compartilha suas escolhas art\u00edsticas e culturais para o fim de semana. Sexta e S\u00e1bado Bolero de Rodrigo e Ravel&hellip;<\/p>","protected":false},"author":1,"featured_media":53668,"comment_status":"closed","ping_status":"open","sticky":false,"template":"","format":"standard","meta":{"content-type":"","footnotes":""},"categories":[1],"tags":[],"class_list":["post-53667","post","type-post","status-publish","format-standard","has-post-thumbnail","hentry","category-uncategorized"],"_links":{"self":[{"href":"https:\/\/tvbrazilusa.com\/pt\/wp-json\/wp\/v2\/posts\/53667","targetHints":{"allow":["GET"]}}],"collection":[{"href":"https:\/\/tvbrazilusa.com\/pt\/wp-json\/wp\/v2\/posts"}],"about":[{"href":"https:\/\/tvbrazilusa.com\/pt\/wp-json\/wp\/v2\/types\/post"}],"author":[{"embeddable":true,"href":"https:\/\/tvbrazilusa.com\/pt\/wp-json\/wp\/v2\/users\/1"}],"replies":[{"embeddable":true,"href":"https:\/\/tvbrazilusa.com\/pt\/wp-json\/wp\/v2\/comments?post=53667"}],"version-history":[{"count":1,"href":"https:\/\/tvbrazilusa.com\/pt\/wp-json\/wp\/v2\/posts\/53667\/revisions"}],"predecessor-version":[{"id":53669,"href":"https:\/\/tvbrazilusa.com\/pt\/wp-json\/wp\/v2\/posts\/53667\/revisions\/53669"}],"wp:featuredmedia":[{"embeddable":true,"href":"https:\/\/tvbrazilusa.com\/pt\/wp-json\/wp\/v2\/media\/53668"}],"wp:attachment":[{"href":"https:\/\/tvbrazilusa.com\/pt\/wp-json\/wp\/v2\/media?parent=53667"}],"wp:term":[{"taxonomy":"category","embeddable":true,"href":"https:\/\/tvbrazilusa.com\/pt\/wp-json\/wp\/v2\/categories?post=53667"},{"taxonomy":"post_tag","embeddable":true,"href":"https:\/\/tvbrazilusa.com\/pt\/wp-json\/wp\/v2\/tags?post=53667"}],"curies":[{"name":"wp","href":"https:\/\/api.w.org\/{rel}","templated":true}]}}