{"id":53670,"date":"2024-10-31T19:50:11","date_gmt":"2024-10-31T19:50:11","guid":{"rendered":"https:\/\/tvbrazilusa.com\/2024\/10\/31\/o-novo-boletim-medico-de-lula\/"},"modified":"2024-10-31T19:50:12","modified_gmt":"2024-10-31T19:50:12","slug":"o-novo-boletim-medico-de-lula","status":"publish","type":"post","link":"https:\/\/tvbrazilusa.com\/pt\/2024\/10\/31\/o-novo-boletim-medico-de-lula\/","title":{"rendered":"O novo boletim m\u00e9dico de Lula"},"content":{"rendered":"<p> <script async src=\"https:\/\/pagead2.googlesyndication.com\/pagead\/js\/adsbygoogle.js?client=ca-pub-8864793242727901\"\r\n     crossorigin=\"anonymous\"><\/script><br \/>\n<\/p>\n<div id=\"taboola-read-more\" style=\"display:block; width:100%\">\n<p>O novo boletim m\u00e9dico do presidente Luiz In\u00e1cio Lula da Silva aponta que seu quadro \u00e9 de &#8220;estabilidade em rela\u00e7\u00e3o aos exames anteriores&#8221;. De acordo com os m\u00e9dicos, Lula deve seguir trabalhando em Bras\u00edlia.\n<\/p>\n<p>&#8220;No momento, o presidente persiste sem quaisquer sintomas, devendo manter o acompanhamento cl\u00ednico e realizar novo controle de imagem em tr\u00eas dias&#8221;, afirma o boletim. O presidente segue sendo acompanhado pelos m\u00e9dicos Roberto Kalil Filho e Ana Helena Germoglio.<\/p>\n<p>Lula fez novos exames de imagem nesta quinta-feira, 12 dias ap\u00f3s a queda sofrida no Pal\u00e1cio da Alvorada. Os exames no Hospital S\u00edrio Liban\u00eas, em Bras\u00edlia estavam previstos e fazem parte da rotina de tratamento ap\u00f3s acidentes do tipo.\n<\/p>\n<p>Na segunda-feira, retirou os cinco pontos na parte de tr\u00e1s da cabe\u00e7a. O ferimento \u00e9 resultado de uma queda quando, segundo relatos, cortava a unha do p\u00e9 no banheiro do Pal\u00e1cio da Alvorada, resid\u00eancia oficial do presidente da Rep\u00fablica.\n<\/p>\n<p>O boletim m\u00e9dico anterior, divulgado em 25 de outubro, apontava que Lula est\u00e1 com uma situa\u00e7\u00e3o &#8220;est\u00e1vel&#8221; e &#8220;apto para o trabalho&#8221;.\n<\/p>\n<p>Desde que caiu no banheiro do Pal\u00e1cio do Alvorada, Lula cancelou tr\u00eas compromissos internacionais. A ida \u00e0 R\u00fassia para a C\u00fapula dos Brics, para a Col\u00f4mbia, onde Lula participaria da Confer\u00eancia das Na\u00e7\u00f5es Unidas para a Biodiversidade (COP 16) em Cali e para as Confer\u00eancias das Na\u00e7\u00f5es Unidas sobre as Mudan\u00e7as Clim\u00e1ticas (COP) 29 no Azerbaij\u00e3o. A previs\u00e3o era de que o presidente ficasse ficasse de 10 a 12 de novembro em Baku. O vice-presidente Geraldo Alckmin ir\u00e1 representar Lula na COP 29.\n<\/p>\n<p>Fonte: O Globo              <\/p>\n<\/div>\n<p><br \/>\n<br \/><a href=\"https:\/\/diariodobrasilnoticias.com.br\/noticia\/o-novo-boletim-medico-de-lula-indica-um-quadro-estavel-e-a-necessidade-de-um-novo-exame-em-tres-dias-6723c171c7e97\">Source link <\/a><\/p>","protected":false},"excerpt":{"rendered":"<p>O novo boletim m\u00e9dico do presidente Luiz In\u00e1cio Lula da Silva aponta que seu quadro \u00e9 de &#8220;estabilidade em rela\u00e7\u00e3o aos exames anteriores&#8221;. De acordo com os m\u00e9dicos, Lula deve&hellip;<\/p>","protected":false},"author":1,"featured_media":53671,"comment_status":"closed","ping_status":"open","sticky":false,"template":"","format":"standard","meta":{"content-type":"","footnotes":""},"categories":[16],"tags":[123,2448,5313,1267],"class_list":["post-53670","post","type-post","status-publish","format-standard","has-post-thumbnail","hentry","category-noticias","tag-brasil","tag-diario","tag-noticia","tag-noticias"],"_links":{"self":[{"href":"https:\/\/tvbrazilusa.com\/pt\/wp-json\/wp\/v2\/posts\/53670","targetHints":{"allow":["GET"]}}],"collection":[{"href":"https:\/\/tvbrazilusa.com\/pt\/wp-json\/wp\/v2\/posts"}],"about":[{"href":"https:\/\/tvbrazilusa.com\/pt\/wp-json\/wp\/v2\/types\/post"}],"author":[{"embeddable":true,"href":"https:\/\/tvbrazilusa.com\/pt\/wp-json\/wp\/v2\/users\/1"}],"replies":[{"embeddable":true,"href":"https:\/\/tvbrazilusa.com\/pt\/wp-json\/wp\/v2\/comments?post=53670"}],"version-history":[{"count":1,"href":"https:\/\/tvbrazilusa.com\/pt\/wp-json\/wp\/v2\/posts\/53670\/revisions"}],"predecessor-version":[{"id":53672,"href":"https:\/\/tvbrazilusa.com\/pt\/wp-json\/wp\/v2\/posts\/53670\/revisions\/53672"}],"wp:featuredmedia":[{"embeddable":true,"href":"https:\/\/tvbrazilusa.com\/pt\/wp-json\/wp\/v2\/media\/53671"}],"wp:attachment":[{"href":"https:\/\/tvbrazilusa.com\/pt\/wp-json\/wp\/v2\/media?parent=53670"}],"wp:term":[{"taxonomy":"category","embeddable":true,"href":"https:\/\/tvbrazilusa.com\/pt\/wp-json\/wp\/v2\/categories?post=53670"},{"taxonomy":"post_tag","embeddable":true,"href":"https:\/\/tvbrazilusa.com\/pt\/wp-json\/wp\/v2\/tags?post=53670"}],"curies":[{"name":"wp","href":"https:\/\/api.w.org\/{rel}","templated":true}]}}