{"id":53688,"date":"2024-10-31T21:00:10","date_gmt":"2024-10-31T21:00:10","guid":{"rendered":"https:\/\/tvbrazilusa.com\/2024\/10\/31\/curta-potiguar-e-apresentado-no-festival-do-cinema-brasileiro-em-los-angeles\/"},"modified":"2024-10-31T21:00:12","modified_gmt":"2024-10-31T21:00:12","slug":"curta-potiguar-e-apresentado-no-festival-do-cinema-brasileiro-em-los-angeles","status":"publish","type":"post","link":"https:\/\/tvbrazilusa.com\/pt\/2024\/10\/31\/curta-potiguar-e-apresentado-no-festival-do-cinema-brasileiro-em-los-angeles\/","title":{"rendered":"Curta potiguar \u00e9 apresentado no Festival do Cinema Brasileiro em Los Angeles"},"content":{"rendered":"<p> <script async src=\"https:\/\/pagead2.googlesyndication.com\/pagead\/js\/adsbygoogle.js?client=ca-pub-8864793242727901\"\r\n     crossorigin=\"anonymous\"><\/script><br \/>\n<\/p>\n<div id=\"taboola-read-more\" style=\"display:block; width:100%\">\n<p>O curta-metragem potiguar &#8220;Eu Estou Aqui&#8221; do diretor Andr\u00e9 Santos \u00e9 um dos selecionados para o Los Angeles Brazilian Film Festival (LABRFF), tradicional janela de exibi\u00e7\u00e3o do cinema brasileiro em Hollywood. A 17 \u00aa edi\u00e7\u00e3o acontecer\u00e1 entre os dias 4 e 7 de novembro.\n<\/p>\n<p>A produ\u00e7\u00e3o foi filmada nos tradicionais bairros Alecrim e Rocas em Natal, no Rio Grande do Norte. O filme integra a sele\u00e7\u00e3o Shorts Films Spotlight do festival com exibi\u00e7\u00e3o prevista para a quarta-feira, 6 de novembro.<\/p>\n<p>A obra conta a hist\u00f3ria de Jussara (Anum Preta) que est\u00e1 desaparecida h\u00e1 quase dois dias. Sua m\u00e3e, Moema (C\u00e9lia Melo), e sua melhor amiga, Amara (Quilomba Zu), saem \u00e0s ruas em busca da jovem travesti.\n<\/p>\n<p>O filme tem a a proposta de trazer uma reflex\u00e3o sobre como pautas LGBTQIAP+ s\u00e3o vistas por diferentes gera\u00e7\u00f5es.\n<\/p>\n<p>No elenco de \u201cEu Estou Aqui\u201d est\u00e3o Quilomba Zu, Geisla Blanco, Ana Val\u00e9ria de Souza, C\u00e9lia Melo, V\u00eanus de Morais, Breno Oliveira, Robson Medeiros, Bruna Morais, Paulo Dem\u00e9trio, Maria de Lia, Alex Ivanovich e M\u00e1rcia Lohss.\n<\/p>\n<p>\u201cEstrear em casa \u00e9 algo que a gente j\u00e1 t\u00e1 acostumado, sendo em outro pa\u00eds, o frio na barriga aumenta, mas a felicidade \u00e9 muito grande de poder apresentar nosso trabalho em diferentes lugares para diferentes pessoas. O nosso intuito em fazer filmes \u00e9 que eles sejam vistos, ent\u00e3o penso que ter nosso trabalho sendo exibido t\u00e3o longe \u00e9 alcan\u00e7ar um objetivo\u201d, comemorou o diretor.\n<\/p>\n<p>Festival do Cinema Brasileiro de Los Angeles<br \/>Pelo segundo ano consecutivo, o festival ser\u00e1 realizado no hist\u00f3rico &#8220;The Culver Theatre&#8221;, que possui um significado especial no universo cinematogr\u00e1fico, agora sob a propriedade da Amazon Studios.\n<\/p>\n<p>Os filmes do LABRFF s\u00e3o prova da vibra\u00e7\u00e3o e criatividade do cinema brasileiro. Eles fornecem uma janela para a cultura brasileira e servem como uma plataforma para narrativas globais e interc\u00e2mbio cultural, o LABRFF oferece uma sele\u00e7\u00e3o atraente de filmes que entret\u00eam, educam e inspiram.\n<\/p>\n<p>Fonte: G1              <\/p>\n<\/div>\n<p><br \/>\n<br \/><a href=\"https:\/\/diariodobrasilnoticias.com.br\/noticia\/curta-potiguar-e-apresentado-no-festival-do-cinema-brasileiro-em-los-angeles-6723d433c19c1\">Source link <\/a><\/p>","protected":false},"excerpt":{"rendered":"<p>O curta-metragem potiguar &#8220;Eu Estou Aqui&#8221; do diretor Andr\u00e9 Santos \u00e9 um dos selecionados para o Los Angeles Brazilian Film Festival (LABRFF), tradicional janela de exibi\u00e7\u00e3o do cinema brasileiro em&hellip;<\/p>","protected":false},"author":1,"featured_media":53689,"comment_status":"closed","ping_status":"open","sticky":false,"template":"","format":"standard","meta":{"content-type":"","footnotes":""},"categories":[16],"tags":[123,2448,5313,1267],"class_list":["post-53688","post","type-post","status-publish","format-standard","has-post-thumbnail","hentry","category-noticias","tag-brasil","tag-diario","tag-noticia","tag-noticias"],"_links":{"self":[{"href":"https:\/\/tvbrazilusa.com\/pt\/wp-json\/wp\/v2\/posts\/53688","targetHints":{"allow":["GET"]}}],"collection":[{"href":"https:\/\/tvbrazilusa.com\/pt\/wp-json\/wp\/v2\/posts"}],"about":[{"href":"https:\/\/tvbrazilusa.com\/pt\/wp-json\/wp\/v2\/types\/post"}],"author":[{"embeddable":true,"href":"https:\/\/tvbrazilusa.com\/pt\/wp-json\/wp\/v2\/users\/1"}],"replies":[{"embeddable":true,"href":"https:\/\/tvbrazilusa.com\/pt\/wp-json\/wp\/v2\/comments?post=53688"}],"version-history":[{"count":1,"href":"https:\/\/tvbrazilusa.com\/pt\/wp-json\/wp\/v2\/posts\/53688\/revisions"}],"predecessor-version":[{"id":53690,"href":"https:\/\/tvbrazilusa.com\/pt\/wp-json\/wp\/v2\/posts\/53688\/revisions\/53690"}],"wp:featuredmedia":[{"embeddable":true,"href":"https:\/\/tvbrazilusa.com\/pt\/wp-json\/wp\/v2\/media\/53689"}],"wp:attachment":[{"href":"https:\/\/tvbrazilusa.com\/pt\/wp-json\/wp\/v2\/media?parent=53688"}],"wp:term":[{"taxonomy":"category","embeddable":true,"href":"https:\/\/tvbrazilusa.com\/pt\/wp-json\/wp\/v2\/categories?post=53688"},{"taxonomy":"post_tag","embeddable":true,"href":"https:\/\/tvbrazilusa.com\/pt\/wp-json\/wp\/v2\/tags?post=53688"}],"curies":[{"name":"wp","href":"https:\/\/api.w.org\/{rel}","templated":true}]}}