{"id":53717,"date":"2024-10-31T21:00:00","date_gmt":"2024-10-31T21:00:00","guid":{"rendered":"https:\/\/tvbrazilusa.com\/2024\/10\/31\/opiniao-registros-geracionais-uma-previsao-de-20-anos-jacksonville-hoje\/"},"modified":"2024-10-31T21:55:45","modified_gmt":"2024-10-31T21:55:45","slug":"opiniao-registros-geracionais-uma-previsao-de-20-anos-jacksonville-hoje","status":"publish","type":"post","link":"https:\/\/tvbrazilusa.com\/pt\/2024\/10\/31\/opiniao-registros-geracionais-uma-previsao-de-20-anos-jacksonville-hoje\/","title":{"rendered":"OPINI\u00c3O | Registros geracionais: uma previs\u00e3o de 20 anos | Jacksonville hoje"},"content":{"rendered":"<p> <script async src=\"https:\/\/pagead2.googlesyndication.com\/pagead\/js\/adsbygoogle.js?client=ca-pub-8864793242727901\"\r\n     crossorigin=\"anonymous\"><\/script><br \/>\n<\/p>\n<div>\n<p><a href=\"https:\/\/substack.com\/profile\/655388-sherry-magill\" target=\"_blank\" rel=\"noreferrer noopener nofollow\"><a href=\"https:\/\/jaxtoday.org\/2024\/10\/31\/opinion-generational-records-a-20-year-forecast\/javascript:void(0)\"\/>Se uma gera\u00e7\u00e3o humana mede cerca de 20 anos, os Baby Boomers americanos deram os primeiros passos h\u00e1 quase quatro gera\u00e7\u00f5es (1946), muito antes de palavras e frases como <em>ecologia <\/em>e <em>mudan\u00e7as clim\u00e1ticas <\/em>e <em>ilhas de calor<\/em> entrou em nosso l\u00e9xico cotidiano.<\/p>\n<p>Podemos atestar a rapidez com que passam 20, 30, 40 e at\u00e9 80 anos. Como um piscar de olhos. Um nanossegundo. Verdadeiramente.<\/p>\n<p>Moldadas em parte pela experi\u00eancia dos nossos pais com a Grande Depress\u00e3o e a Segunda Guerra Mundial, as nossas preocupa\u00e7\u00f5es existenciais enquanto jovens centraram-se na perspectiva de uma guerra nuclear. N\u00e3o na pr\u00f3xima enchente. Ou a pr\u00f3xima onda de calor. Ou o pr\u00f3ximo furac\u00e3o.<\/p>\n<h3 class=\"wp-block-heading\">Sul de antigamente<\/h3>\n<p>Antes de nossos pais comprarem suas primeiras \u201cunidades de janela\u201d, aqueles de n\u00f3s que cresceram no Extremo Sul conheciam dias quentes e \u00famidos e tornados empoeirados, \u201clavadores de ravinas\u201d e furac\u00f5es antes que a escala Cat 1-5 existisse.<\/p>\n<p>Quando crian\u00e7as, n\u00e3o ouvimos avisos sobre um planeta impr\u00f3prio para habita\u00e7\u00e3o humana. N\u00e3o t\u00ednhamos a menor ideia de padr\u00f5es clim\u00e1ticos desestabilizadores geracionais, nunca ouvimos falar do derretimento dos c\u00edrculos \u00e1rticos, do aumento do n\u00edvel do mar ou dos migrantes das altera\u00e7\u00f5es clim\u00e1ticas.<\/p>\n<p>Eventualmente, quando e se o fiz\u00e9ssemos, poder\u00edamos facilmente tirar da mente esses pensamentos incompreens\u00edveis, com algum habitat futurista e hostil chegando muito al\u00e9m de qualquer horizonte que pud\u00e9ssemos ver. Vinte, 40, 60, 80 anos no futuro era imposs\u00edvel de compreender.<\/p>\n<p>Mas aqui estamos n\u00f3s. Chegar a um destino que nenhum de n\u00f3s deseja.<\/p>\n<h3 class=\"wp-block-heading\">Inimagin\u00e1vel, muito menos inconveniente<\/h3>\n<p>Em um 2017 <a href=\"https:\/\/thehill.com\/policy\/energy-environment\/345515-gore-tv-news-is-like-a-nature-hike-through-the-book-of-revelation\/#:~:text=Former%20Vice%20President%20Al%20Gore%20during%20an%20interview,\u201c11%20once-in-a-thousand-year%20events\u201d%20in%20the%20past%20seven%20years.\" rel=\"nofollow noopener\" target=\"_blank\">entrevista com Fareed Zakaria<\/a>o ex-vice-presidente Al Gore disse que assistir \u00e0s not\u00edcias meteorol\u00f3gicas di\u00e1rias na televis\u00e3o era \u201ccomo uma caminhada pela natureza atrav\u00e9s do Livro do Apocalipse\u201d.<\/p>\n<p>Ame-o, odeie-o, concorde com ele sobre quem tem ou n\u00e3o a maior responsabilidade pelas realidades das mudan\u00e7as clim\u00e1ticas &#8211; nosso apetite insaci\u00e1vel por combust\u00edveis f\u00f3sseis ou os ciclos naturais da M\u00e3e Natureza &#8211; voc\u00ea tem que admitir, isso \u00e9 engra\u00e7ado.<\/p>\n<p>Gore referia-se a eventos clim\u00e1ticos extremos \u2013 especialmente inunda\u00e7\u00f5es de 500 e 1.000 anos, furac\u00f5es devastadores \u2013 que se tornaram \u201ccomuns\u201d.<\/p>\n<p>N\u00f3s prestamos testemunho. N\u00f3s vemos isso; n\u00f3s sentimos isso: lugares que conhecemos e amamos \u2013 Mexico Beach, Chimney Rock, Asheville, Cedar Key, ilhas barreira da costa oeste da Fl\u00f3rida \u2013 transformados. Se acreditamos que as altera\u00e7\u00f5es clim\u00e1ticas s\u00e3o reais<em> <\/em>ou n\u00e3o, os padr\u00f5es clim\u00e1ticos cada vez mais frequentes e mais devastadores nesta regi\u00e3o que amamos e chamamos de lar n\u00e3o podem ser negados.<\/p>\n<h3 class=\"wp-block-heading\">Migrantes clim\u00e1ticos<\/h3>\n<p>N\u00f3s os vemos no notici\u00e1rio noturno. Eles s\u00e3o de Bangladesh.<\/p>\n<p>Em breve eles ser\u00e3o da Fl\u00f3rida. Mas a Carolina do Norte n\u00e3o ser\u00e1 o seu destino.<\/p>\n<p>Em \u201cFuturo do Nicho Clim\u00e1tico Humano\u201d, um artigo acad\u00eamico de 2020 publicado em <em><a href=\"https:\/\/www.pnas.org\/doi\/full\/10.1073\/pnas.1910114117\" rel=\"nofollow noopener\" target=\"_blank\">Anais da Academia Nacional de Ci\u00eancias<\/a><\/em>os autores estimam que, nos pr\u00f3ximos 50 anos, \u201cprev\u00ea-se que 1 (bili\u00e3o) a 3 mil milh\u00f5es de pessoas sejam deixadas de fora das condi\u00e7\u00f5es clim\u00e1ticas que serviram bem \u00e0 humanidade nos \u00faltimos 6.000 anos\u201d.<\/p>\n<p>Parece que nosso nicho confort\u00e1vel e habit\u00e1vel \u00e9 um tanto estreito e ficar\u00e1 menor em menos tempo do que os velhos Boomers vagaram pelo planeta. As pessoas podem permanecer no local, mas para faz\u00ea-lo confortavelmente, esses locais devem ser constru\u00eddos de forma diferente.<\/p>\n<p>De acordo com <a href=\"https:\/\/rhg.com\/\" rel=\"nofollow noopener\" target=\"_blank\">Grupo R\u00f3dio<\/a> e dados visualizados em uma hist\u00f3ria da ProPublica de 2020 intitulada \u201c<a href=\"https:\/\/projects.propublica.org\/climate-migration\" rel=\"nofollow noopener\" target=\"_blank\">Novos mapas clim\u00e1ticos mostram Estados Unidos transformados<\/a><em>\u201d, <\/em>os EUA passar\u00e3o de verde para vermelho.<\/p>\n<h3 class=\"wp-block-heading\">A partir disso:<\/h3>\n<figure class=\"wp-block-image\"><a href=\"https:\/\/substackcdn.com\/image\/fetch\/f_auto,q_auto:good,fl_progressive:steep\/https%3A%2F%2Fsubstack-post-media.s3.amazonaws.com%2Fpublic%2Fimages%2Fd33ba122-b296-4cff-b205-b03043a4dd06_828x1324.jpeg\" target=\"_blank\" rel=\"noreferrer noopener nofollow\" data-slb-active=\"1\" data-slb-asset=\"1749103576\" data-slb-group=\"slb\"><\/a><\/figure>\n<h3 class=\"wp-block-heading\">Para isso:<\/h3>\n<figure class=\"wp-block-image\"><a href=\"https:\/\/substackcdn.com\/image\/fetch\/f_auto,q_auto:good,fl_progressive:steep\/https%3A%2F%2Fsubstack-post-media.s3.amazonaws.com%2Fpublic%2Fimages%2Fc1863c76-3b0f-4433-995a-ba0e61ff77a8_828x1315.jpeg\" data-rel=\"penci-gallery-image-content\"  target=\"_blank\" rel=\"noreferrer noopener nofollow\" data-slb-active=\"1\" data-slb-asset=\"2010095327\" data-slb-group=\"slb\"><img decoding=\"async\" src=\"https:\/\/substackcdn.com\/image\/fetch\/w_1456,c_limit,f_auto,q_auto:good,fl_progressive:steep\/https%3A%2F%2Fsubstack-post-media.s3.amazonaws.com%2Fpublic%2Fimages%2Fc1863c76-3b0f-4433-995a-ba0e61ff77a8_828x1315.jpeg\" alt=\"\"\/><\/a><\/figure>\n<p>Entre 2040 e 2060, \u201ca humidade e o calor\u201d \u2013 e n\u00e3o apenas as temperaturas quentes \u2013 afirmam os autores, \u201cir\u00e3o colidir para formar temperaturas de &#8216;bolbo h\u00famido&#8217; que ir\u00e3o perturbar\u201d a vida quotidiana, com as pessoas e a agricultura a deslocarem-se do Sul e das zonas costeiras para o Sul. norte do meio-oeste e Grandes Plan\u00edcies.<\/p>\n<p>Bulbos \u00famidos?<\/p>\n<h3 class=\"wp-block-heading\">Mapas interativos<\/h3>\n<p>A ferramenta incorporada <a href=\"https:\/\/projects.propublica.org\/climate-migration\/\" rel=\"nofollow noopener\" target=\"_blank\">o artigo da ProPublica<\/a> permite que as pessoas cliquem em qualquer condado dos EUA para ver como a habitabilidade humana daquele condado dever\u00e1 mudar nos pr\u00f3ximos 20 a 40 anos.<\/p>\n<p>Quarenta anos? Metade do n\u00famero de anos desde que os Boomers deram nossos primeiros passos de beb\u00ea.<\/p>\n<p>Pode se tornar uma \u00f3tima ferramenta de realoca\u00e7\u00e3o.<\/p>\n<hr class=\"wp-block-separator has-alpha-channel-opacity\"\/>\n<p><em>Esta coluna \u00e9 publicada em parceria com <\/em>Jax Lookout<em>.<\/em><\/p>\n<\/div>\n<p><br \/>\n<br \/><a href=\"https:\/\/jaxtoday.org\/2024\/10\/31\/opinion-generational-records-a-20-year-forecast\/\">Source link <\/a><\/p>","protected":false},"excerpt":{"rendered":"<p>Se uma gera\u00e7\u00e3o humana mede cerca de 20 anos, os Baby Boomers americanos deram os primeiros passos h\u00e1 quase quatro gera\u00e7\u00f5es (1946), muito antes de palavras e frases como ecologia&hellip;<\/p>","protected":false},"author":1,"featured_media":53718,"comment_status":"closed","ping_status":"open","sticky":false,"template":"","format":"standard","meta":{"content-type":"","footnotes":""},"categories":[1],"tags":[],"class_list":["post-53717","post","type-post","status-publish","format-standard","has-post-thumbnail","hentry","category-uncategorized"],"_links":{"self":[{"href":"https:\/\/tvbrazilusa.com\/pt\/wp-json\/wp\/v2\/posts\/53717","targetHints":{"allow":["GET"]}}],"collection":[{"href":"https:\/\/tvbrazilusa.com\/pt\/wp-json\/wp\/v2\/posts"}],"about":[{"href":"https:\/\/tvbrazilusa.com\/pt\/wp-json\/wp\/v2\/types\/post"}],"author":[{"embeddable":true,"href":"https:\/\/tvbrazilusa.com\/pt\/wp-json\/wp\/v2\/users\/1"}],"replies":[{"embeddable":true,"href":"https:\/\/tvbrazilusa.com\/pt\/wp-json\/wp\/v2\/comments?post=53717"}],"version-history":[{"count":1,"href":"https:\/\/tvbrazilusa.com\/pt\/wp-json\/wp\/v2\/posts\/53717\/revisions"}],"predecessor-version":[{"id":53719,"href":"https:\/\/tvbrazilusa.com\/pt\/wp-json\/wp\/v2\/posts\/53717\/revisions\/53719"}],"wp:featuredmedia":[{"embeddable":true,"href":"https:\/\/tvbrazilusa.com\/pt\/wp-json\/wp\/v2\/media\/53718"}],"wp:attachment":[{"href":"https:\/\/tvbrazilusa.com\/pt\/wp-json\/wp\/v2\/media?parent=53717"}],"wp:term":[{"taxonomy":"category","embeddable":true,"href":"https:\/\/tvbrazilusa.com\/pt\/wp-json\/wp\/v2\/categories?post=53717"},{"taxonomy":"post_tag","embeddable":true,"href":"https:\/\/tvbrazilusa.com\/pt\/wp-json\/wp\/v2\/tags?post=53717"}],"curies":[{"name":"wp","href":"https:\/\/api.w.org\/{rel}","templated":true}]}}