{"id":5375,"date":"2023-04-20T14:38:26","date_gmt":"2023-04-20T14:38:26","guid":{"rendered":"https:\/\/tvbrazilusa.com\/2023\/04\/20\/general-do-lula-cai-apos-videos-do-palacio-no-dia-08-01-virem-a-tona\/"},"modified":"2023-04-20T14:38:26","modified_gmt":"2023-04-20T14:38:26","slug":"general-do-lula-cai-apos-videos-do-palacio-no-dia-08-01-virem-a-tona","status":"publish","type":"post","link":"https:\/\/tvbrazilusa.com\/pt\/2023\/04\/20\/general-do-lula-cai-apos-videos-do-palacio-no-dia-08-01-virem-a-tona\/","title":{"rendered":"&#8220;General do Lula&#8221; cai ap\u00f3s v\u00eddeos do Pal\u00e1cio no dia 08\/01 virem \u00e0 tona"},"content":{"rendered":"<p><iframe  width=\"580\" height=\"385\" src=\"https:\/\/www.youtube.com\/embed\/_BPJwhu6vLI?modestbranding=1\" frameborder=\"0\" allowfullscreen><\/iframe><br \/>\n<br \/>\u00daLTIMAS VAGAS! \ud83d\udea8 Participe de um evento exclusivo comigo, Fernando Ulrich, Eraldo De Paola e outros especialistas em Miami para aprender as MELHORES estrat\u00e9gias para gest\u00e3o patrimonial no exterior.<\/p>\n<p>Inscreva-se em:<br \/>\n<br \/><a href=\"https:\/\/www.youtube.com\/watch?v=_BPJwhu6vLI\">source<\/a><\/p>","protected":false},"excerpt":{"rendered":"<p>\u00daLTIMAS VAGAS! \ud83d\udea8 Participe de um evento exclusivo comigo, Fernando Ulrich, Eraldo De Paola e outros especialistas em Miami para aprender as MELHORES estrat\u00e9gias para gest\u00e3o patrimonial no exterior. Inscreva-se&hellip;<\/p>","protected":false},"author":1,"featured_media":5376,"comment_status":"","ping_status":"open","sticky":false,"template":"","format":"standard","meta":{"content-type":"","footnotes":""},"categories":[1],"tags":[],"class_list":["post-5375","post","type-post","status-publish","format-standard","has-post-thumbnail","hentry","category-uncategorized"],"_links":{"self":[{"href":"https:\/\/tvbrazilusa.com\/pt\/wp-json\/wp\/v2\/posts\/5375","targetHints":{"allow":["GET"]}}],"collection":[{"href":"https:\/\/tvbrazilusa.com\/pt\/wp-json\/wp\/v2\/posts"}],"about":[{"href":"https:\/\/tvbrazilusa.com\/pt\/wp-json\/wp\/v2\/types\/post"}],"author":[{"embeddable":true,"href":"https:\/\/tvbrazilusa.com\/pt\/wp-json\/wp\/v2\/users\/1"}],"replies":[{"embeddable":true,"href":"https:\/\/tvbrazilusa.com\/pt\/wp-json\/wp\/v2\/comments?post=5375"}],"version-history":[{"count":0,"href":"https:\/\/tvbrazilusa.com\/pt\/wp-json\/wp\/v2\/posts\/5375\/revisions"}],"wp:featuredmedia":[{"embeddable":true,"href":"https:\/\/tvbrazilusa.com\/pt\/wp-json\/wp\/v2\/media\/5376"}],"wp:attachment":[{"href":"https:\/\/tvbrazilusa.com\/pt\/wp-json\/wp\/v2\/media?parent=5375"}],"wp:term":[{"taxonomy":"category","embeddable":true,"href":"https:\/\/tvbrazilusa.com\/pt\/wp-json\/wp\/v2\/categories?post=5375"},{"taxonomy":"post_tag","embeddable":true,"href":"https:\/\/tvbrazilusa.com\/pt\/wp-json\/wp\/v2\/tags?post=5375"}],"curies":[{"name":"wp","href":"https:\/\/api.w.org\/{rel}","templated":true}]}}