{"id":5377,"date":"2024-07-22T02:09:20","date_gmt":"2024-07-22T02:09:20","guid":{"rendered":"https:\/\/tvbrazilusa.com\/2024\/07\/22\/moraes-cada-vez-mais-enrolado-com-o-caso-daniel-silveira\/"},"modified":"2024-07-22T02:09:20","modified_gmt":"2024-07-22T02:09:20","slug":"moraes-cada-vez-mais-enrolado-com-o-caso-daniel-silveira","status":"publish","type":"post","link":"https:\/\/tvbrazilusa.com\/pt\/2024\/07\/22\/moraes-cada-vez-mais-enrolado-com-o-caso-daniel-silveira\/","title":{"rendered":"Moraes cada vez mais enrolado com o caso Daniel Silveira"},"content":{"rendered":"<p><iframe  width=\"580\" height=\"385\" src=\"https:\/\/www.youtube.com\/embed\/kBXSGHhLktU?modestbranding=1\" frameborder=\"0\" allowfullscreen><\/iframe><br \/>\n<br \/>Cada dia que Daniel Silveira passa a mais na pris\u00e3o \u00e9 mais um que cair\u00e1 na conta de Moraes, que j\u00e1 est\u00e1 alta demais.<\/p>\n<p>Quer apoiar meu trabalho e n\u00e3o sabe como? Torne-se membro do canal! <\/p>\n<p>Quer ser meu aluno? Est\u00e3o abertas as inscri\u00e7\u00f5es para \u201cO Direito e a Guerra Cultural\u201d \u2013 inscreva-se aqui: <\/p>\n<p>Patrocine o canal com o PayPal: <\/p>\n<p>Ou patrocine com BITCOINS enviando para o seguinte endere\u00e7o: 3DiuYHw8CPEjUaA1th5R6mu1Z1iwDKTq1w<\/p>\n<p>Envie decis\u00f5es judiciais infames para serem comentadas no canal: tvinjusticabr@gmail.com <\/p>\n<p>Quer fugir da ditadura brasileira e vir morar e trabalhar nos Estados Unidos? Entre em contato com a Immigrex Global &#8211;  <\/p>\n<p>Assine e apoie o Fio Di\u00e1rio &#8211;<br \/>\nInscreva-se no canal da TV Fl\u00f3rida &#8211; <\/p>\n<p>Quer criar transmiss\u00f5es ao vivo como esta? Confira o StreamYard:<br \/>\n<br \/><a href=\"https:\/\/www.youtube.com\/watch?v=kBXSGHhLktU\">source<\/a><\/p>","protected":false},"excerpt":{"rendered":"<p>Cada dia que Daniel Silveira passa a mais na pris\u00e3o \u00e9 mais um que cair\u00e1 na conta de Moraes, que j\u00e1 est\u00e1 alta demais. Quer apoiar meu trabalho e n\u00e3o&hellip;<\/p>","protected":false},"author":1,"featured_media":5378,"comment_status":"","ping_status":"open","sticky":false,"template":"","format":"standard","meta":{"content-type":"","footnotes":""},"categories":[17],"tags":[1040,511,920,1041,371,425,1042,390],"class_list":["post-5377","post","type-post","status-publish","format-standard","has-post-thumbnail","hentry","category-programas","tag-cada","tag-caso","tag-daniel","tag-enrolado","tag-mais","tag-moraes","tag-silveira","tag-vez"],"_links":{"self":[{"href":"https:\/\/tvbrazilusa.com\/pt\/wp-json\/wp\/v2\/posts\/5377","targetHints":{"allow":["GET"]}}],"collection":[{"href":"https:\/\/tvbrazilusa.com\/pt\/wp-json\/wp\/v2\/posts"}],"about":[{"href":"https:\/\/tvbrazilusa.com\/pt\/wp-json\/wp\/v2\/types\/post"}],"author":[{"embeddable":true,"href":"https:\/\/tvbrazilusa.com\/pt\/wp-json\/wp\/v2\/users\/1"}],"replies":[{"embeddable":true,"href":"https:\/\/tvbrazilusa.com\/pt\/wp-json\/wp\/v2\/comments?post=5377"}],"version-history":[{"count":0,"href":"https:\/\/tvbrazilusa.com\/pt\/wp-json\/wp\/v2\/posts\/5377\/revisions"}],"wp:featuredmedia":[{"embeddable":true,"href":"https:\/\/tvbrazilusa.com\/pt\/wp-json\/wp\/v2\/media\/5378"}],"wp:attachment":[{"href":"https:\/\/tvbrazilusa.com\/pt\/wp-json\/wp\/v2\/media?parent=5377"}],"wp:term":[{"taxonomy":"category","embeddable":true,"href":"https:\/\/tvbrazilusa.com\/pt\/wp-json\/wp\/v2\/categories?post=5377"},{"taxonomy":"post_tag","embeddable":true,"href":"https:\/\/tvbrazilusa.com\/pt\/wp-json\/wp\/v2\/tags?post=5377"}],"curies":[{"name":"wp","href":"https:\/\/api.w.org\/{rel}","templated":true}]}}