{"id":53851,"date":"2024-11-01T13:23:26","date_gmt":"2024-11-01T13:23:26","guid":{"rendered":"https:\/\/tvbrazilusa.com\/2024\/11\/01\/servidoras-acusam-casos-de-assedio-no-ministerio-da-justica\/"},"modified":"2024-11-01T13:23:27","modified_gmt":"2024-11-01T13:23:27","slug":"servidoras-acusam-casos-de-assedio-no-ministerio-da-justica","status":"publish","type":"post","link":"https:\/\/tvbrazilusa.com\/pt\/2024\/11\/01\/servidoras-acusam-casos-de-assedio-no-ministerio-da-justica\/","title":{"rendered":"Servidoras acusam casos de ass\u00e9dio no Minist\u00e9rio da Justi\u00e7a"},"content":{"rendered":"<p> <script async src=\"https:\/\/pagead2.googlesyndication.com\/pagead\/js\/adsbygoogle.js?client=ca-pub-8864793242727901\"\r\n     crossorigin=\"anonymous\"><\/script><br \/>\n<\/p>\n<div id=\"taboola-read-more\" style=\"display:block; width:100%\">\n<p>Duas servidoras do Minist\u00e9rio da Justi\u00e7a enviaram um of\u00edcio ao ministro, Ricardo Lewandowski, onde relatam situa\u00e7\u00f5es de ass\u00e9dio no Minist\u00e9rio. O of\u00edcio foi assinado pela corregedora-geral nacional de Pol\u00edticas Penais, Marlene In\u00eas da Rosa, e a ouvidora nacional de Servi\u00e7os Penais, Paula Cristina da Silva Godoy.\n<\/p>\n<p>Marlene e Paula tamb\u00e9m relatam haver tentativas de silenciamento e desmantelamento da Corregedoria-Geral e da Ouvidoria Nacional da Secretaria Nacional de Pol\u00edticas Penais (Senapen). O of\u00edcio ainda faz men\u00e7\u00e3o a investiga\u00e7\u00e3o de diretores e ex-diretores pela fuga de detentos do pres\u00eddio de Mossor\u00f3.\u00a0As informa\u00e7\u00f5es s\u00e3o de reportagem publicada nesta quinta-feira (31) pelo jornal Folha de S\u00e3o Paulo.<\/p>\n<p>Uma proposta estudava colocar a Corregedoria e a Ouvidoria em uma mesma diretoria, em detrimento do status pr\u00f3prio de diretoria que ambas institui\u00e7\u00f5es tem atualmente. O Minist\u00e9rio da Justi\u00e7a assegurou que essa mudan\u00e7a n\u00e3o ir\u00e1 acontecer mais.\n<\/p>\n<p>No of\u00edcio de nove p\u00e1ginas, datado de 12 de setembro, as autoras enfatizam a import\u00e2ncia de manter e fortalecer a estrutura atual. Dentre os motivos est\u00e3o, \u201cdiversas den\u00fancias de ass\u00e9dio moral envolvendo diretoras\u201d que est\u00e3o sendo investigadas.\n<\/p>\n<p>\u201cNeste momento, em que as investiga\u00e7\u00f5es sobre den\u00fancias de ass\u00e9dio est\u00e3o em andamento e que a Corregedoria tem seu papel crucial ampliado como \u00f3rg\u00e3o de pol\u00edcia, com maiores responsabilidades, \u00e9 imperativo que sua estrutura seja fortalecida e n\u00e3o enfraquecida\u201d, diz trecho do documento obtido pelo jornal.\n<\/p>\n<p>As investiga\u00e7\u00f5es sobre ass\u00e9dio moral envolvem Mayesse Silva Parizi, diretora de Cidadania e Alternativas Penais da Senappen, e Mireilli Marinho, ex-diretora executiva da mesma secretaria, demitida em abril deste ano.\n<\/p>\n<p>As den\u00fancias contra Mayesse come\u00e7aram em 2023 com pelo menos seis relatos an\u00f3nimos. A investiga\u00e7\u00e3o preliminar havia sido arquivada por falta de provas. mas um novo procedimento foi aberto neste ano ap\u00f3s pelo menos seis novas acusa\u00e7\u00f5es.\n<\/p>\n<p>Os relatos dizem haver uma alta rotatividade na diretoria, n\u00e3o apenas entre servidores e policiais penais de outros estados, mas tamb\u00e9m entre funcion\u00e1rios terceirizados. Entre as principais queixas est\u00e3o, persegui\u00e7\u00f5es, demiss\u00f5es injustificadas, amea\u00e7as de demiss\u00e3o, falta de isonomia no tratamento e pedidos relacionados a quest\u00f5es pessoais da diretora.\n<\/p>\n<p>Mayesse atualmente enfrenta uma Investiga\u00e7\u00e3o Preliminar Sum\u00e1ria (IPS) processo anterior ao Processo Administrativo Disciplinar (PAD), um PAD foi aberto contra Mireilli, mas ainda n\u00e3o foi conclu\u00eddo.\n<\/p>\n<p>O Minist\u00e9rio da Justi\u00e7a afirmou por meio de nota estar ciente das den\u00fancias. \u201cAs supostas den\u00fancias est\u00e3o sendo apuradas em um procedimento que corre sob sigilo\u201d, disse a pasta em nota enviada \u00e0 Folha.\n<\/p>\n<p>Com informa\u00e7\u00f5es de Di\u00e1rio do Poder\n              <\/p>\n<\/div>\n<p><br \/>\n<br \/><a href=\"https:\/\/diariodobrasilnoticias.com.br\/noticia\/servidoras-acusam-casos-de-assedio-no-ministerio-da-justica-6724c79c7f3df\">Source link <\/a><\/p>","protected":false},"excerpt":{"rendered":"<p>Duas servidoras do Minist\u00e9rio da Justi\u00e7a enviaram um of\u00edcio ao ministro, Ricardo Lewandowski, onde relatam situa\u00e7\u00f5es de ass\u00e9dio no Minist\u00e9rio. O of\u00edcio foi assinado pela corregedora-geral nacional de Pol\u00edticas Penais,&hellip;<\/p>","protected":false},"author":1,"featured_media":53852,"comment_status":"closed","ping_status":"open","sticky":false,"template":"","format":"standard","meta":{"content-type":"","footnotes":""},"categories":[16],"tags":[123,2448,5313,1267],"class_list":["post-53851","post","type-post","status-publish","format-standard","has-post-thumbnail","hentry","category-noticias","tag-brasil","tag-diario","tag-noticia","tag-noticias"],"_links":{"self":[{"href":"https:\/\/tvbrazilusa.com\/pt\/wp-json\/wp\/v2\/posts\/53851","targetHints":{"allow":["GET"]}}],"collection":[{"href":"https:\/\/tvbrazilusa.com\/pt\/wp-json\/wp\/v2\/posts"}],"about":[{"href":"https:\/\/tvbrazilusa.com\/pt\/wp-json\/wp\/v2\/types\/post"}],"author":[{"embeddable":true,"href":"https:\/\/tvbrazilusa.com\/pt\/wp-json\/wp\/v2\/users\/1"}],"replies":[{"embeddable":true,"href":"https:\/\/tvbrazilusa.com\/pt\/wp-json\/wp\/v2\/comments?post=53851"}],"version-history":[{"count":1,"href":"https:\/\/tvbrazilusa.com\/pt\/wp-json\/wp\/v2\/posts\/53851\/revisions"}],"predecessor-version":[{"id":53853,"href":"https:\/\/tvbrazilusa.com\/pt\/wp-json\/wp\/v2\/posts\/53851\/revisions\/53853"}],"wp:featuredmedia":[{"embeddable":true,"href":"https:\/\/tvbrazilusa.com\/pt\/wp-json\/wp\/v2\/media\/53852"}],"wp:attachment":[{"href":"https:\/\/tvbrazilusa.com\/pt\/wp-json\/wp\/v2\/media?parent=53851"}],"wp:term":[{"taxonomy":"category","embeddable":true,"href":"https:\/\/tvbrazilusa.com\/pt\/wp-json\/wp\/v2\/categories?post=53851"},{"taxonomy":"post_tag","embeddable":true,"href":"https:\/\/tvbrazilusa.com\/pt\/wp-json\/wp\/v2\/tags?post=53851"}],"curies":[{"name":"wp","href":"https:\/\/api.w.org\/{rel}","templated":true}]}}