{"id":53854,"date":"2024-11-01T13:34:46","date_gmt":"2024-11-01T13:34:46","guid":{"rendered":"https:\/\/tvbrazilusa.com\/2024\/11\/01\/estou-vivo-e-o-candidato-sou-eu-diz-bolsonaro-sobre-eleicoes-de-2026\/"},"modified":"2024-11-01T13:34:47","modified_gmt":"2024-11-01T13:34:47","slug":"estou-vivo-e-o-candidato-sou-eu-diz-bolsonaro-sobre-eleicoes-de-2026","status":"publish","type":"post","link":"https:\/\/tvbrazilusa.com\/pt\/2024\/11\/01\/estou-vivo-e-o-candidato-sou-eu-diz-bolsonaro-sobre-eleicoes-de-2026\/","title":{"rendered":"&#8216;Estou vivo e o candidato sou eu&#8217;, diz Bolsonaro sobre elei\u00e7\u00f5es de 2026"},"content":{"rendered":"<p> <script async src=\"https:\/\/pagead2.googlesyndication.com\/pagead\/js\/adsbygoogle.js?client=ca-pub-8864793242727901\"\r\n     crossorigin=\"anonymous\"><\/script><br \/>\n<\/p>\n<div>\n<p>Mesmo ineleg\u00edvel, o ex-presidente Jair Bolsonaro (PL) afirmou, em entrevista \u00e0 revista Veja publicada nesta sexta-feira (1\u00ba), que \u00e9 o candidato da direita \u00e0 Presid\u00eancia da Rep\u00fablica em 2026.\n<\/p>\n<p>Questionado sobre quem pretende apoiar nas pr\u00f3ximas elei\u00e7\u00f5es presidenciais, Bolsonaro argumentou que \u00e9 o \u00fanico com chances de sair vitorioso das urnas daqui a dois anos.<\/p>\n<p>\u201cFalam em v\u00e1rios nomes. Tarc\u00edsio, Caiado, Zema\u2026O Tarc\u00edsio \u00e9 um baita gestor. Mas eu s\u00f3 falo depois de enterrado. Estou vivo. Com todo o respeito, chance s\u00f3 tenho eu, o resto n\u00e3o tem nome nacional. O candidato sou eu\u201d, declarou Bolsonaro.\n<\/p>\n<p>Em junho de 2023,\u00a0o Tribunal Superior Eleitoral (TSE) tornou Bolsonaro ineleg\u00edvel por oito anos. Na ocasi\u00e3o, a Corte Eleitoral entendeu que o ex-presidente cometeu abuso de poder e uso indevido dos meios de comunica\u00e7\u00e3o ao fazer uma reuni\u00e3o com embaixadores, em julho de 2022, e atacar sem provas o sistema eleitoral.\n<\/p>\n<p>Ao longo da entrevista, Bolsonaro reiterou que pretende disputar as elei\u00e7\u00f5es de 2026, criticou a decis\u00e3o do TSE que o deixou ineleg\u00edvel por oito anos e disse ser v\u00edtima de uma persegui\u00e7\u00e3o.\n<\/p>\n<p>\u201cEu pretendo disputar 2026. N\u00e3o tem cabimento a minha inelegibilidade. O processo de abuso de poder pol\u00edtico foi por ter me reunido com embaixadores antes do per\u00edodo eleitoral. N\u00e3o ganhei um voto com isso. S\u00e3o injusti\u00e7as, uma persegui\u00e7\u00e3o\u201d, disse.\n<\/p>\n<p>O ex-presidente apontou ainda como planeja reverter a decis\u00e3o do TSE.<br \/>\u201cO pessoal j\u00e1 sabe [que \u00e9 uma persegui\u00e7\u00e3o], mas preciso massificar isso entre a popula\u00e7\u00e3o. Depois, as alternativas s\u00e3o o parlamento, uma a\u00e7\u00e3o no STF, esperar o \u00faltimo momento para registrar a candidatura e o TSE que decida\u201d, explicou Bolsonaro.\n<\/p>\n<p>\u201cN\u00e3o sou otimista, sou realista, mas estou preparado para qualquer coisa\u201d, concluiu.\n<\/p>\n<p><strong>CNN<\/strong>\u00a0\n<\/p>\n<\/div>\n<p><br \/>\n<br \/><a href=\"https:\/\/diariodobrasilnoticias.com.br\/noticia\/-estou-vivo-e-o-candidato-sou-eu-diz-bolsonaro-sobre-eleicoes-de-2026-6724d806037cf\">Source link <\/a><\/p>","protected":false},"excerpt":{"rendered":"<p>Mesmo ineleg\u00edvel, o ex-presidente Jair Bolsonaro (PL) afirmou, em entrevista \u00e0 revista Veja publicada nesta sexta-feira (1\u00ba), que \u00e9 o candidato da direita \u00e0 Presid\u00eancia da Rep\u00fablica em 2026. Questionado&hellip;<\/p>","protected":false},"author":1,"featured_media":53855,"comment_status":"closed","ping_status":"open","sticky":false,"template":"","format":"standard","meta":{"content-type":"","footnotes":""},"categories":[16],"tags":[123,2448,5313,1267],"class_list":["post-53854","post","type-post","status-publish","format-standard","has-post-thumbnail","hentry","category-noticias","tag-brasil","tag-diario","tag-noticia","tag-noticias"],"_links":{"self":[{"href":"https:\/\/tvbrazilusa.com\/pt\/wp-json\/wp\/v2\/posts\/53854","targetHints":{"allow":["GET"]}}],"collection":[{"href":"https:\/\/tvbrazilusa.com\/pt\/wp-json\/wp\/v2\/posts"}],"about":[{"href":"https:\/\/tvbrazilusa.com\/pt\/wp-json\/wp\/v2\/types\/post"}],"author":[{"embeddable":true,"href":"https:\/\/tvbrazilusa.com\/pt\/wp-json\/wp\/v2\/users\/1"}],"replies":[{"embeddable":true,"href":"https:\/\/tvbrazilusa.com\/pt\/wp-json\/wp\/v2\/comments?post=53854"}],"version-history":[{"count":1,"href":"https:\/\/tvbrazilusa.com\/pt\/wp-json\/wp\/v2\/posts\/53854\/revisions"}],"predecessor-version":[{"id":53856,"href":"https:\/\/tvbrazilusa.com\/pt\/wp-json\/wp\/v2\/posts\/53854\/revisions\/53856"}],"wp:featuredmedia":[{"embeddable":true,"href":"https:\/\/tvbrazilusa.com\/pt\/wp-json\/wp\/v2\/media\/53855"}],"wp:attachment":[{"href":"https:\/\/tvbrazilusa.com\/pt\/wp-json\/wp\/v2\/media?parent=53854"}],"wp:term":[{"taxonomy":"category","embeddable":true,"href":"https:\/\/tvbrazilusa.com\/pt\/wp-json\/wp\/v2\/categories?post=53854"},{"taxonomy":"post_tag","embeddable":true,"href":"https:\/\/tvbrazilusa.com\/pt\/wp-json\/wp\/v2\/tags?post=53854"}],"curies":[{"name":"wp","href":"https:\/\/api.w.org\/{rel}","templated":true}]}}