{"id":53863,"date":"2024-11-01T13:48:12","date_gmt":"2024-11-01T13:48:12","guid":{"rendered":"https:\/\/tvbrazilusa.com\/2024\/11\/01\/rumores-cacas-venezuelanos-entram-no-espaco-aereo-brasileiro-e-tentam-meter-medo-no-brasil\/"},"modified":"2024-11-01T13:48:14","modified_gmt":"2024-11-01T13:48:14","slug":"rumores-cacas-venezuelanos-entram-no-espaco-aereo-brasileiro-e-tentam-meter-medo-no-brasil","status":"publish","type":"post","link":"https:\/\/tvbrazilusa.com\/pt\/2024\/11\/01\/rumores-cacas-venezuelanos-entram-no-espaco-aereo-brasileiro-e-tentam-meter-medo-no-brasil\/","title":{"rendered":"Rumores: Ca\u00e7as venezuelanos entram no espa\u00e7o a\u00e9reo brasileiro e tentam &#8216;meter medo&#8217; no Brasil"},"content":{"rendered":"<p> <script async src=\"https:\/\/pagead2.googlesyndication.com\/pagead\/js\/adsbygoogle.js?client=ca-pub-8864793242727901\"\r\n     crossorigin=\"anonymous\"><\/script><br \/>\n<\/p>\n<p>Surgiram relatos recentes de que dois ca\u00e7as SU-30, da For\u00e7a A\u00e9rea Venezuelana, teriam adentrado o espa\u00e7o a\u00e9reo brasileiro na regi\u00e3o de fronteira pr\u00f3xima \u00e0 cidade de Pacaraima, em Roraima. A informa\u00e7\u00e3o, n\u00e3o confirmada oficialmente pela FAB, foi divulgada pelo canal\u00a0<em>Militarizando o Mundo<\/em>\u00a0e se espalhou rapidamente nas redes sociais e aplicativos de mensagens.\n<\/p>\n<div>\n<p>Segundo rumores, moradores de Pacaraima teriam avistado os ca\u00e7as SU-30 voando pr\u00f3ximos ao limite da fronteira, o que trouxe preocupa\u00e7\u00f5es sobre a seguran\u00e7a na regi\u00e3o amaz\u00f4nica, onde a presen\u00e7a militar venezuelana foi intensificada nos \u00faltimos meses. No entanto, vale lembrar que situa\u00e7\u00f5es semelhantes no passado, como um caso ocorrido em 2019, foram desmentidas.<\/p>\n<p>Na ocasi\u00e3o, um v\u00eddeo que circulava nas redes mostrava supostos ca\u00e7as venezuelanos sobrevoando Roraima, mas a pr\u00f3pria FAB esclareceu que as aeronaves nas imagens eram F5 da pr\u00f3pria For\u00e7a A\u00e9rea Brasileira. A circula\u00e7\u00e3o de boatos aumentou ap\u00f3s o fechamento tempor\u00e1rio da fronteira pela Venezuela, mas os rumores foram rapidamente desmentidos pelas autoridades.\n<\/p>\n<p>Diante do hist\u00f3rico de tens\u00f5es diplom\u00e1ticas, incluindo o recente veto do Brasil \u00e0 ades\u00e3o da Venezuela ao BRICS, o governo Lula equilibra a postura diplom\u00e1tica com o refor\u00e7o da vigil\u00e2ncia nas fronteiras. Embora o contexto regional possa aumentar a sensibilidade sobre a quest\u00e3o de seguran\u00e7a, \u00e9 prudente considerar que nem todos os relatos de incurs\u00e3o a\u00e9rea s\u00e3o confirmados, podendo ser resultado de mal-entendidos ou exageros compartilhados nas redes.\n<\/p>\n<p>Ca\u00e7as da Venezuela j\u00e1 foram vistos em espa\u00e7o a\u00e9reo brasileiro em outras \u00e9pocas na mesma regi\u00e3o<br \/>Em 2016, dois ca\u00e7as da Venezuela teriam invadido o espa\u00e7o a\u00e9reo do Brasil na regi\u00e3o de Pacaraima, segundo o jornalista Leandro Mazzini, da Coluna Esplanada, da UOL. O epis\u00f3dio gerou inquieta\u00e7\u00e3o entre autoridades de defesa e motivou uma resposta r\u00e1pida da For\u00e7a A\u00e9rea Brasileira (FAB), que deslocou aeronaves para refor\u00e7ar a seguran\u00e7a da fronteira.\n<\/p>\n<p>Embora o governo venezuelano tenha alegado erro de navega\u00e7\u00e3o e emitido desculpas informais ao Brasil, o incidente destacou fragilidades na capacidade de vigil\u00e2ncia e defesa a\u00e9rea brasileira na regi\u00e3o, reacendendo discuss\u00f5es sobre a necessidade de moderniza\u00e7\u00e3o da frota da FAB para lidar com potenciais viola\u00e7\u00f5es de soberania. Na \u00e9poca, o envio de ca\u00e7as da FAB para a regi\u00e3o foi justificado como exerc\u00edcio militar.\n<\/p>\n<p>Com informa\u00e7\u00f5es de: Militarizando o Mundo\n<\/p>\n<\/div>\n<p><br \/>\n<br \/><a href=\"https:\/\/diariodobrasilnoticias.com.br\/noticia\/rumores-cacas-venezuelanos-entram-no-espaco-aereo-brasileiro-e-tentam-meter-medo-no-brasil-6724b330baa33\">Source link <\/a><\/p>","protected":false},"excerpt":{"rendered":"<p>Surgiram relatos recentes de que dois ca\u00e7as SU-30, da For\u00e7a A\u00e9rea Venezuelana, teriam adentrado o espa\u00e7o a\u00e9reo brasileiro na regi\u00e3o de fronteira pr\u00f3xima \u00e0 cidade de Pacaraima, em Roraima. A&hellip;<\/p>","protected":false},"author":1,"featured_media":53864,"comment_status":"closed","ping_status":"open","sticky":false,"template":"","format":"standard","meta":{"content-type":"","footnotes":""},"categories":[16],"tags":[123,2448,5313,1267],"class_list":["post-53863","post","type-post","status-publish","format-standard","has-post-thumbnail","hentry","category-noticias","tag-brasil","tag-diario","tag-noticia","tag-noticias"],"_links":{"self":[{"href":"https:\/\/tvbrazilusa.com\/pt\/wp-json\/wp\/v2\/posts\/53863","targetHints":{"allow":["GET"]}}],"collection":[{"href":"https:\/\/tvbrazilusa.com\/pt\/wp-json\/wp\/v2\/posts"}],"about":[{"href":"https:\/\/tvbrazilusa.com\/pt\/wp-json\/wp\/v2\/types\/post"}],"author":[{"embeddable":true,"href":"https:\/\/tvbrazilusa.com\/pt\/wp-json\/wp\/v2\/users\/1"}],"replies":[{"embeddable":true,"href":"https:\/\/tvbrazilusa.com\/pt\/wp-json\/wp\/v2\/comments?post=53863"}],"version-history":[{"count":1,"href":"https:\/\/tvbrazilusa.com\/pt\/wp-json\/wp\/v2\/posts\/53863\/revisions"}],"predecessor-version":[{"id":53865,"href":"https:\/\/tvbrazilusa.com\/pt\/wp-json\/wp\/v2\/posts\/53863\/revisions\/53865"}],"wp:featuredmedia":[{"embeddable":true,"href":"https:\/\/tvbrazilusa.com\/pt\/wp-json\/wp\/v2\/media\/53864"}],"wp:attachment":[{"href":"https:\/\/tvbrazilusa.com\/pt\/wp-json\/wp\/v2\/media?parent=53863"}],"wp:term":[{"taxonomy":"category","embeddable":true,"href":"https:\/\/tvbrazilusa.com\/pt\/wp-json\/wp\/v2\/categories?post=53863"},{"taxonomy":"post_tag","embeddable":true,"href":"https:\/\/tvbrazilusa.com\/pt\/wp-json\/wp\/v2\/tags?post=53863"}],"curies":[{"name":"wp","href":"https:\/\/api.w.org\/{rel}","templated":true}]}}