{"id":53878,"date":"2024-11-01T14:27:30","date_gmt":"2024-11-01T14:27:30","guid":{"rendered":"https:\/\/tvbrazilusa.com\/2024\/11\/01\/danone-emite-duas-notas-oficiais-mas-nao-esclarece-boicote-a-soja-brasileira\/"},"modified":"2024-11-01T14:27:32","modified_gmt":"2024-11-01T14:27:32","slug":"danone-emite-duas-notas-oficiais-mas-nao-esclarece-boicote-a-soja-brasileira","status":"publish","type":"post","link":"https:\/\/tvbrazilusa.com\/pt\/2024\/11\/01\/danone-emite-duas-notas-oficiais-mas-nao-esclarece-boicote-a-soja-brasileira\/","title":{"rendered":"Danone emite duas notas oficiais, mas n\u00e3o esclarece boicote \u00e0 soja brasileira"},"content":{"rendered":"<p> <script async src=\"https:\/\/pagead2.googlesyndication.com\/pagead\/js\/adsbygoogle.js?client=ca-pub-8864793242727901\"\r\n     crossorigin=\"anonymous\"><\/script><br \/>\n<\/p>\n<div id=\"taboola-read-more\" style=\"display:block; width:100%\">\n<p>As declara\u00e7\u00f5es do vice-presidente mundial da Danone, de que a empresa n\u00e3o compra mais soja do Brasil por quest\u00f5es de sustentabilidade, ainda n\u00e3o foram desmentidas pela centen\u00e1ria fabricante francesa de iogurtes. Duas notas oficiais publicadas pela subsidi\u00e1ria brasileira tentaram atenuar os danos aos neg\u00f3cios, mas n\u00e3o responderam \u00e0 pergunta: \u00c9 fato que a Danone na Europa deixou de comprar a soja brasileira?\n<\/p>\n<p>Sem desmentido nem esclarecimentos satisfat\u00f3rios, os coment\u00e1rios do executivo Juergen Esser \u00e0 ag\u00eancia Reuters seguem causando indigna\u00e7\u00e3o entre consumidores, agricultores e lideran\u00e7as do agroneg\u00f3cio. O ex-ministro da Agricultura Ant\u00f4nio Cabrera lan\u00e7ou uma campanha de boicote aos produtos da multinacional francesa, que rapidamente se espalhou pelas redes sociais.<\/p>\n<p>Esser disse \u00e0 Reuters, na semana passada, que a Danone tem um \u201crastreamento muito efetivo e podemos assegurar que s\u00f3 utilizamos ingredientes sustent\u00e1veis em nossos processos. N\u00e3o compramos (mais soja do Brasil)\u201d. Segundo ele, a soja sustent\u00e1vel est\u00e1 sendo importada de fornecedores da \u00c1sia, mas n\u00e3o especificou de que pa\u00edses.\n<\/p>\n<p><strong>Notas oficiais evitam tratar diretamente do boicote<\/strong><br \/>Diante da repercuss\u00e3o negativa da fala de Esser no Brasil, contra a qual foram emitidas notas pela Associa\u00e7\u00e3o dos Produtores de Soja (Aprosoja Brasil) e pelo pr\u00f3prio Minist\u00e9rio da Agricultura, executivos sul-americanos da empresa publicaram duas notas oficiais de esclarecimento.\n<\/p>\n<p>Na primeira nota, a companhia sublinhou que a informa\u00e7\u00e3o veiculada n\u00e3o procede. No entanto, ao explicar os motivos, fez alus\u00f5es sobre pol\u00edticas corporativas no mercado brasileiro, e n\u00e3o no europeu, que \u00e9 o foco da pol\u00eamica. \u201cA soja brasileira \u00e9 um insumo essencial na cadeia de fornecimento da companhia no Brasil e continua sendo utilizada, sendo a aquisi\u00e7\u00e3o da maior parte desse volume intermediada pela Central de Compras da Danone, incluindo processos que verificam sua origem de \u00e1reas n\u00e3o desmatadas e rastreabilidade\u201d.\n<\/p>\n<p>Questionada pela Gazeta do Povo pelo fato de n\u00e3o confirmar nem desmentir as declara\u00e7\u00f5es do dirigente franc\u00eas, apenas falar de suas pr\u00e1ticas locais, a Danone enviou uma segunda nota. A primeira tinha sido assinada pelo diretor-geral da empresa no Brasil, Tiago Santos, e pelo vice-presidente de Assuntos Jur\u00eddicos e Corporativos no Brasil, Camilo Wittica.\n<\/p>\n<p><strong>Nova nota da Danone tamb\u00e9m n\u00e3o responde quest\u00e3o objetiva do boicote<\/strong><br \/>A segunda nota foi assinada pela presidente da Danone para a Am\u00e9rica Latina, S\u00edlvia D\u00e1vila. Mas, novamente, n\u00e3o confirmou nem desmentiu as declara\u00e7\u00f5es do executivo europeu. At\u00e9 houve coment\u00e1rios sobre os procedimentos da companhia para aquisi\u00e7\u00e3o de soja na Europa, mas a quest\u00e3o do boicote \u00e0 soja brasileira permaneceu nebulosa.\n<\/p>\n<p>\u201cEm outras regi\u00f5es, como na UE, onde produtores de leite obt\u00eam sua ra\u00e7\u00e3o diretamente de fornecedores de sua escolha, a soja brasileira \u00e9 um insumo importante para a ind\u00fastria. A Danone trabalha ativamente com os produtores de leite para garantir que a soja seja proveniente de fontes sustent\u00e1veis e verificadas como livres de desmatamento, independentemente da origem geogr\u00e1fica\u201d, escreveu Silvia D\u00e1vila.\n<\/p>\n<p>A Gazeta do Povo enviou novo pedido de esclarecimento \u00e0 Danone no Brasil. Para saber, objetivamente, se \u00e9 verdade que a companhia na Europa n\u00e3o compra mais a soja brasileira.\n<\/p>\n<p><strong>Danos \u00e0 imagem do Brasil<\/strong><br \/>O ex-ministro da Agricultura Ant\u00f4nio Cabrera, que lan\u00e7ou a campanha de boicote \u00e0 marca francesa, diz que a empresa deve esse esclarecimento ao pa\u00eds, ap\u00f3s ter maculado a imagem do maior produtor e exportador mundial de soja. E com a falsa alega\u00e7\u00e3o, segundo ele, de que nosso gr\u00e3o n\u00e3o \u00e9 sustent\u00e1vel.\n<\/p>\n<p>\u201cEm raz\u00e3o desse comportamento desonesto da empresa, n\u00f3s lan\u00e7amos uma campanha de boicote aos produtos da Danone. Logo ap\u00f3s, a Danone no Brasil e na Am\u00e9rica Latina emitiram notas dizendo que a soja era importante para eles, mas n\u00e3o houve nenhuma manifesta\u00e7\u00e3o da matriz europeia\u201d, destaca Cabrera.\n<\/p>\n<p>\u201cDevido ao grande estrago que eles fizeram ao agro brasileiro em todo o mundo, era muito importante que a Danone da Fran\u00e7a se manifestasse. E se a Danone est\u00e1 preocupada com o mercado dela no Brasil, deveria responder a essa simples pergunta: a Danone da Europa vai continuar comprando soja do Brasil? Sim ou n\u00e3o?\u201d\n<\/p>\n<p>O espa\u00e7o segue aberto para novos esclarecimentos da Danone.<\/p>\n<p>Fonte: Gazeta do Povo              <\/p>\n<\/div>\n<p><br \/>\n<br \/><a href=\"https:\/\/diariodobrasilnoticias.com.br\/noticia\/danone-emite-duas-notas-oficiais-mas-nao-esclarece-boicote-a-soja-brasileira-6724d07e8ac76\">Source link <\/a><\/p>","protected":false},"excerpt":{"rendered":"<p>As declara\u00e7\u00f5es do vice-presidente mundial da Danone, de que a empresa n\u00e3o compra mais soja do Brasil por quest\u00f5es de sustentabilidade, ainda n\u00e3o foram desmentidas pela centen\u00e1ria fabricante francesa de&hellip;<\/p>","protected":false},"author":1,"featured_media":53879,"comment_status":"closed","ping_status":"open","sticky":false,"template":"","format":"standard","meta":{"content-type":"","footnotes":""},"categories":[16],"tags":[123,2448,5313,1267],"class_list":["post-53878","post","type-post","status-publish","format-standard","has-post-thumbnail","hentry","category-noticias","tag-brasil","tag-diario","tag-noticia","tag-noticias"],"_links":{"self":[{"href":"https:\/\/tvbrazilusa.com\/pt\/wp-json\/wp\/v2\/posts\/53878","targetHints":{"allow":["GET"]}}],"collection":[{"href":"https:\/\/tvbrazilusa.com\/pt\/wp-json\/wp\/v2\/posts"}],"about":[{"href":"https:\/\/tvbrazilusa.com\/pt\/wp-json\/wp\/v2\/types\/post"}],"author":[{"embeddable":true,"href":"https:\/\/tvbrazilusa.com\/pt\/wp-json\/wp\/v2\/users\/1"}],"replies":[{"embeddable":true,"href":"https:\/\/tvbrazilusa.com\/pt\/wp-json\/wp\/v2\/comments?post=53878"}],"version-history":[{"count":1,"href":"https:\/\/tvbrazilusa.com\/pt\/wp-json\/wp\/v2\/posts\/53878\/revisions"}],"predecessor-version":[{"id":53880,"href":"https:\/\/tvbrazilusa.com\/pt\/wp-json\/wp\/v2\/posts\/53878\/revisions\/53880"}],"wp:featuredmedia":[{"embeddable":true,"href":"https:\/\/tvbrazilusa.com\/pt\/wp-json\/wp\/v2\/media\/53879"}],"wp:attachment":[{"href":"https:\/\/tvbrazilusa.com\/pt\/wp-json\/wp\/v2\/media?parent=53878"}],"wp:term":[{"taxonomy":"category","embeddable":true,"href":"https:\/\/tvbrazilusa.com\/pt\/wp-json\/wp\/v2\/categories?post=53878"},{"taxonomy":"post_tag","embeddable":true,"href":"https:\/\/tvbrazilusa.com\/pt\/wp-json\/wp\/v2\/tags?post=53878"}],"curies":[{"name":"wp","href":"https:\/\/api.w.org\/{rel}","templated":true}]}}