{"id":53890,"date":"2024-11-01T15:03:16","date_gmt":"2024-11-01T15:03:16","guid":{"rendered":"https:\/\/tvbrazilusa.com\/2024\/11\/01\/jogador-revelado-na-base-do-valencia-morre-em-uma-inundacao-na-espanha\/"},"modified":"2024-11-01T15:03:18","modified_gmt":"2024-11-01T15:03:18","slug":"jogador-revelado-na-base-do-valencia-morre-em-uma-inundacao-na-espanha","status":"publish","type":"post","link":"https:\/\/tvbrazilusa.com\/pt\/2024\/11\/01\/jogador-revelado-na-base-do-valencia-morre-em-uma-inundacao-na-espanha\/","title":{"rendered":"Jogador revelado na base do Val\u00eancia morre em uma inunda\u00e7\u00e3o na Espanha"},"content":{"rendered":"<p> <script async src=\"https:\/\/pagead2.googlesyndication.com\/pagead\/js\/adsbygoogle.js?client=ca-pub-8864793242727901\"\r\n     crossorigin=\"anonymous\"><\/script><br \/>\n<\/p>\n<div>\n<figure class=\"post-image\">\n<\/figure>\n<p>            <span style=\"font-size: 12px\">Divulga\u00e7\u00e3o<\/span><\/p>\n<p>            <!-- end metas --><br \/>\n            <!-- ADS --><\/p>\n<div id=\"taboola-read-more\" style=\"display:block; width:100%\">\n<p>As inunda\u00e7\u00f5es na Espanha causadas por um sistema clim\u00e1tico destrutivo conhecido localmente como DANA j\u00e1 vitimou mais de 150 pessoas. Entre as mortes j\u00e1 confirmadas est\u00e1 a de Jos\u00e9 Castillejo, jogador de 28 anos formado nas categorias de base do Val\u00eancia.\n<\/p>\n<p>O Eldense, atual time do jogador, confirmou a morte atrav\u00e9s das redes sociais. O Val\u00eancia, time que formou Castillejo, tamb\u00e9m fez uma publica\u00e7\u00e3o lamentando o ocorrido.<\/p>\n<div style=\"display: flex; flex-direction: row; justify-content: center; width: 100%;\">\n<blockquote class=\"twitter-tweet\">\n<p dir=\"ltr\" lang=\"es\">\ud83d\udda4 Terribles noticias que nos llegan por la catastr\u00f3fica DANA. El <a href=\"https:\/\/twitter.com\/hashtag\/CDEldense?src=hash&#038;ref_src=twsrc%5Etfw\">#CDEldense<\/a> lamenta profundamente el fallecimiento a la edad de 28 a\u00f1os de Jos\u00e9 Castillejo, ex jugador azulgrana en la temporada 2015\/2016.<\/p>\n<p>Transmitimos nuestro m\u00e1s sentido p\u00e9same a sus familiares y amigos.\u2026 <a href=\"https:\/\/t.co\/AjwmeTbgyQ\">pic.twitter.com\/AjwmeTbgyQ<\/a><br \/>\n\u2014 CD Eldense SAD \ud83d\udc53 (@CD_Eldense) <a href=\"https:\/\/twitter.com\/CD_Eldense\/status\/1852044797655335077?ref_src=twsrc%5Etfw\">October 31, 2024<\/a><\/p>\n<\/blockquote>\n<\/div>\n<p>Vale destacar que al\u00e9m do Val\u00eancia e Eldense, Castillejo tamb\u00e9m defendeu clubes menores da Espanha como Roda de Castell\u00f3n e o Bu\u00f1ol.\n<\/p>\n<p>O pr\u00f3prio Val\u00eancia est\u00e1 empenhado nos trabalhos de apoio aos necessitados, abrindo o est\u00e1dio Mestalla para servir de centro de arrecada\u00e7\u00e3o de alimentos e outros donativos.\n<\/p>\n<p><strong>Jogos adiados <\/strong><br \/>Por causa das enchentes na regi\u00e3o de Castell\u00f3n, na Espanha, cinco jogos foram adiados no pa\u00eds, incluindo Valencia x Real Madrid, que seria disputado neste s\u00e1bado (2\/11). O pedido foi feita pela La Liga e atendido pela Real Federa\u00e7\u00e3o Espanhola de Futebol (RFEF). At\u00e9 o momento desta mat\u00e9ria, foram confirmadas 155 mortes pela cat\u00e1strofe.<\/p>\n<p>Fonte: Metr\u00f3poles              <\/p>\n<\/div>\n<p>                        <!-- Scripts para conteudo --><\/p>\n<p>            <!-- .\/Scripts para conteudo --><br \/>\n            <!-- .\/Mat\u00e9ria --><\/p>\n<div class=\"row mt-3\">\n<div class=\"col-sm-6\">\n                <!-- Whatsapp channel 3--><br \/>\n                <a href=\"https:\/\/chat.whatsapp.com\/J6hwSKYns5B0XFowx2wZ0P\" target=\"_blank\" rel=\"noopener\"><br \/>\n                  <img decoding=\"async\" src=\"https:\/\/diariodobrasilnoticias.com.br\/assets-site\/images\/bot_whatsapp.png\"\/><\/a>\n              <\/div>\n<div class=\"col-sm-6\">\n                <a href=\"https:\/\/t.me\/+_4gTmi5LKo03OTM5\" target=\"_blank\" rel=\"noopener\"><br \/>\n                  <img decoding=\"async\" src=\"https:\/\/diariodobrasilnoticias.com.br\/assets-site\/images\/bot_telegram.png\"\/><\/a>\n              <\/div>\n<\/p><\/div>\n<p>            <!-- end post-navigation --><\/p>\n<p>              <!-- end row --><\/p>\n<p>              <!-- end col-12-->\n                      <\/div>\n<p><script async src=\"\/\/platform.twitter.com\/widgets.js\" charset=\"utf-8\"><\/script><br \/>\n<br \/><br \/>\n<br \/><a href=\"https:\/\/diariodobrasilnoticias.com.br\/noticia\/jogador-revelado-na-base-do-valencia-morre-em-uma-inundacao-na-espanha-6724e62ba9833\">Source link <\/a><\/p>","protected":false},"excerpt":{"rendered":"<p>Divulga\u00e7\u00e3o As inunda\u00e7\u00f5es na Espanha causadas por um sistema clim\u00e1tico destrutivo conhecido localmente como DANA j\u00e1 vitimou mais de 150 pessoas. Entre as mortes j\u00e1 confirmadas est\u00e1 a de Jos\u00e9&hellip;<\/p>","protected":false},"author":1,"featured_media":53891,"comment_status":"closed","ping_status":"open","sticky":false,"template":"","format":"standard","meta":{"content-type":"","footnotes":""},"categories":[16],"tags":[123,2448,5313,1267],"class_list":["post-53890","post","type-post","status-publish","format-standard","has-post-thumbnail","hentry","category-noticias","tag-brasil","tag-diario","tag-noticia","tag-noticias"],"_links":{"self":[{"href":"https:\/\/tvbrazilusa.com\/pt\/wp-json\/wp\/v2\/posts\/53890","targetHints":{"allow":["GET"]}}],"collection":[{"href":"https:\/\/tvbrazilusa.com\/pt\/wp-json\/wp\/v2\/posts"}],"about":[{"href":"https:\/\/tvbrazilusa.com\/pt\/wp-json\/wp\/v2\/types\/post"}],"author":[{"embeddable":true,"href":"https:\/\/tvbrazilusa.com\/pt\/wp-json\/wp\/v2\/users\/1"}],"replies":[{"embeddable":true,"href":"https:\/\/tvbrazilusa.com\/pt\/wp-json\/wp\/v2\/comments?post=53890"}],"version-history":[{"count":1,"href":"https:\/\/tvbrazilusa.com\/pt\/wp-json\/wp\/v2\/posts\/53890\/revisions"}],"predecessor-version":[{"id":53892,"href":"https:\/\/tvbrazilusa.com\/pt\/wp-json\/wp\/v2\/posts\/53890\/revisions\/53892"}],"wp:featuredmedia":[{"embeddable":true,"href":"https:\/\/tvbrazilusa.com\/pt\/wp-json\/wp\/v2\/media\/53891"}],"wp:attachment":[{"href":"https:\/\/tvbrazilusa.com\/pt\/wp-json\/wp\/v2\/media?parent=53890"}],"wp:term":[{"taxonomy":"category","embeddable":true,"href":"https:\/\/tvbrazilusa.com\/pt\/wp-json\/wp\/v2\/categories?post=53890"},{"taxonomy":"post_tag","embeddable":true,"href":"https:\/\/tvbrazilusa.com\/pt\/wp-json\/wp\/v2\/tags?post=53890"}],"curies":[{"name":"wp","href":"https:\/\/api.w.org\/{rel}","templated":true}]}}