{"id":53899,"date":"2024-11-01T15:31:06","date_gmt":"2024-11-01T15:31:06","guid":{"rendered":"https:\/\/tvbrazilusa.com\/2024\/11\/01\/acougueiro-esfaqueia-cliente-apos-reclamacao-sobre-carne-veja-video\/"},"modified":"2024-11-01T15:31:07","modified_gmt":"2024-11-01T15:31:07","slug":"acougueiro-esfaqueia-cliente-apos-reclamacao-sobre-carne-veja-video","status":"publish","type":"post","link":"https:\/\/tvbrazilusa.com\/pt\/2024\/11\/01\/acougueiro-esfaqueia-cliente-apos-reclamacao-sobre-carne-veja-video\/","title":{"rendered":"A\u00e7ougueiro esfaqueia cliente ap\u00f3s reclama\u00e7\u00e3o sobre carne; VEJA V\u00cdDEO"},"content":{"rendered":"<p> <script async src=\"https:\/\/pagead2.googlesyndication.com\/pagead\/js\/adsbygoogle.js?client=ca-pub-8864793242727901\"\r\n     crossorigin=\"anonymous\"><\/script><br \/>\n<\/p>\n<p>Um a\u00e7ougueiro, de 25 anos, acabou preso por tentativa de homic\u00eddio, ap\u00f3s esfaquear um cliente que reclamou da proced\u00eancia e qualidade da carne adquirida em um supermercado. O caso ocorreu em um estabelecimento no bairro Nova Olinda, em Aparecida de Goi\u00e2nia, na regi\u00e3o metropolitana da capital goiana.\n<\/p>\n<p>De acordo com a Pol\u00edcia Civil de Goi\u00e1s, durante a discuss\u00e3o, que ocorreu na noite de quinta-feira (24\/10), o a\u00e7ougueiro deu uma facada no t\u00f3rax da v\u00edtima, o que causou uma perfura\u00e7\u00e3o no pulm\u00e3o.<\/p>\n<p>Pelas imagens \u00e9 poss\u00edvel ver quando o cliente chegou ao balc\u00e3o, tirou a carne da sacola e jogou em dire\u00e7\u00e3o ao a\u00e7ougue. Logo em seguida, o cliente saiu, e o a\u00e7ougueiro correu em dire\u00e7\u00e3o dele. Em outro \u00e2ngulo, o v\u00eddeo mostra o a\u00e7ougueiro correndo atr\u00e1s do cliente e desferindo o golpe contra ele.\n<\/p>\n<div>\n<p>Pelas imagens \u00e9 poss\u00edvel ver quando o cliente chegou ao balc\u00e3o, tirou a carne da sacola e jogou em dire\u00e7\u00e3o ao a\u00e7ougue. Logo em seguida, o cliente saiu, e o a\u00e7ougueiro correu em dire\u00e7\u00e3o dele. Em outro \u00e2ngulo, o v\u00eddeo mostra o a\u00e7ougueiro correndo atr\u00e1s do cliente e desferindo o golpe contra ele.\n<\/p>\n<p>Fonte: Metr\u00f3poles<\/p>\n<\/div>\n<p><br \/>\n<br \/><a href=\"https:\/\/diariodobrasilnoticias.com.br\/noticia\/acougueiro-esfaqueia-cliente-apos-reclamacao-sobre-carne-veja-video-6724db4bd4816\">Source link <\/a><\/p>","protected":false},"excerpt":{"rendered":"<p>Um a\u00e7ougueiro, de 25 anos, acabou preso por tentativa de homic\u00eddio, ap\u00f3s esfaquear um cliente que reclamou da proced\u00eancia e qualidade da carne adquirida em um supermercado. O caso ocorreu&hellip;<\/p>","protected":false},"author":1,"featured_media":53900,"comment_status":"closed","ping_status":"open","sticky":false,"template":"","format":"standard","meta":{"content-type":"","footnotes":""},"categories":[16],"tags":[123,2448,5313,1267],"class_list":["post-53899","post","type-post","status-publish","format-standard","has-post-thumbnail","hentry","category-noticias","tag-brasil","tag-diario","tag-noticia","tag-noticias"],"_links":{"self":[{"href":"https:\/\/tvbrazilusa.com\/pt\/wp-json\/wp\/v2\/posts\/53899","targetHints":{"allow":["GET"]}}],"collection":[{"href":"https:\/\/tvbrazilusa.com\/pt\/wp-json\/wp\/v2\/posts"}],"about":[{"href":"https:\/\/tvbrazilusa.com\/pt\/wp-json\/wp\/v2\/types\/post"}],"author":[{"embeddable":true,"href":"https:\/\/tvbrazilusa.com\/pt\/wp-json\/wp\/v2\/users\/1"}],"replies":[{"embeddable":true,"href":"https:\/\/tvbrazilusa.com\/pt\/wp-json\/wp\/v2\/comments?post=53899"}],"version-history":[{"count":1,"href":"https:\/\/tvbrazilusa.com\/pt\/wp-json\/wp\/v2\/posts\/53899\/revisions"}],"predecessor-version":[{"id":53901,"href":"https:\/\/tvbrazilusa.com\/pt\/wp-json\/wp\/v2\/posts\/53899\/revisions\/53901"}],"wp:featuredmedia":[{"embeddable":true,"href":"https:\/\/tvbrazilusa.com\/pt\/wp-json\/wp\/v2\/media\/53900"}],"wp:attachment":[{"href":"https:\/\/tvbrazilusa.com\/pt\/wp-json\/wp\/v2\/media?parent=53899"}],"wp:term":[{"taxonomy":"category","embeddable":true,"href":"https:\/\/tvbrazilusa.com\/pt\/wp-json\/wp\/v2\/categories?post=53899"},{"taxonomy":"post_tag","embeddable":true,"href":"https:\/\/tvbrazilusa.com\/pt\/wp-json\/wp\/v2\/tags?post=53899"}],"curies":[{"name":"wp","href":"https:\/\/api.w.org\/{rel}","templated":true}]}}