{"id":53914,"date":"2024-11-01T16:07:22","date_gmt":"2024-11-01T16:07:22","guid":{"rendered":"https:\/\/tvbrazilusa.com\/2024\/11\/01\/falece-o-monsenhor-joao-scognamiglio-cla-dias-aos-85-anos\/"},"modified":"2024-11-01T16:07:23","modified_gmt":"2024-11-01T16:07:23","slug":"falece-o-monsenhor-joao-scognamiglio-cla-dias-aos-85-anos","status":"publish","type":"post","link":"https:\/\/tvbrazilusa.com\/pt\/2024\/11\/01\/falece-o-monsenhor-joao-scognamiglio-cla-dias-aos-85-anos\/","title":{"rendered":"Falece o monsenhor Jo\u00e3o Scognamiglio Cl\u00e1 Dias, aos 85 anos"},"content":{"rendered":"<p> <script async src=\"https:\/\/pagead2.googlesyndication.com\/pagead\/js\/adsbygoogle.js?client=ca-pub-8864793242727901\"\r\n     crossorigin=\"anonymous\"><\/script><br \/>\n<\/p>\n<div id=\"taboola-read-more\" style=\"display:block; width:100%\">\n<p>Morreu na madrugada desta sexta-feira, 1\u00ba, por volta das 2h30 (Bras\u00edlia), o monsenhor Jo\u00e3o Scognamiglio Cl\u00e1 Dias, aos 85 anos, em Franco da Rocha (SP). A morte do fundador da Igreja Cat\u00f3lica Arautos do Evangelho ocorreu em raz\u00e3o de complica\u00e7\u00f5es de um Acidente Vascular Cerebral (AVC), sofrido h\u00e1 14 anos.\n<\/p>\n<p>Nascido em S\u00e3o Paulo, o monsenhor dedicou sua vida \u00e0 religi\u00e3o e \u00e0 educa\u00e7\u00e3o. Ele \u00e9 o fundador do Instituto Filos\u00f3fico Aristot\u00e9lico-Tomista e do Instituto Teol\u00f3gico S\u00e3o Tom\u00e1s de Aquino. Tamb\u00e9m foi respons\u00e1vel pela cria\u00e7\u00e3o da revista cient\u00edfica Lumen Veritatis e da publica\u00e7\u00e3o de cultura cat\u00f3lica Arautos do Evangelho.<\/p>\n<p><strong>Contribui\u00e7\u00f5es para a educa\u00e7\u00e3o e a cultura cat\u00f3lica<\/strong>\n<\/p>\n<p>Al\u00e9m de seu trabalho na funda\u00e7\u00e3o de institui\u00e7\u00f5es educacionais, monsenhor Cl\u00e1 Dias foi uma figura influente na produ\u00e7\u00e3o de conte\u00fado voltado para a dissemina\u00e7\u00e3o da cultura cat\u00f3lica.\n<\/p>\n<div class=\"autozep-outer\">\n<p>Sua dedica\u00e7\u00e3o \u00e0 educa\u00e7\u00e3o filos\u00f3fica e teol\u00f3gica se refletiu nas revistas e publica\u00e7\u00f5es que ajudou a criar, as quais serviram como fonte de conhecimento e inspira\u00e7\u00e3o para muitos seguidores.\n<\/p>\n<p>Nas redes sociais, a p\u00e1gina do Arautos do Evangelho escreveu uma mensagem ao monsenhor Cl\u00e1 Dias. \u201cSua presen\u00e7a e ben\u00e9fica atividade foram de grande import\u00e2ncia para cada um dos membros dos Arautos do Evangelho\u201d, afirmou.\n<\/p>\n<p>\u201cComo fundador de nossa j\u00e1 grande fam\u00edlia espiritual, deixa um legado de santidade de vida a milh\u00f5es de cat\u00f3licos vinculados \u00e0 institui\u00e7\u00e3o nos cinco continentes. Inspirados por tantas conquistas de Mons. Jo\u00e3o, sob o influxo do Par\u00e1clito e o infal\u00edvel amparo de Maria Sant\u00edssima, seus filhos espirituais continuar\u00e3o, com serenidade, entusiasmo e conc\u00f3rdia, mas tamb\u00e9m vigilantes e destemidos, sua miss\u00e3o em prol da Santa Igreja e da sociedade civil.\u201d<\/p>\n<p>Fonte: Revista Oeste\n<\/p>\n<\/div><\/div>\n<p><br \/>\n<br \/><a href=\"https:\/\/diariodobrasilnoticias.com.br\/noticia\/falece-o-monsenhor-joao-scognamiglio-cla-dias-aos-85-anos-6724dd0075763\">Source link <\/a><\/p>","protected":false},"excerpt":{"rendered":"<p>Morreu na madrugada desta sexta-feira, 1\u00ba, por volta das 2h30 (Bras\u00edlia), o monsenhor Jo\u00e3o Scognamiglio Cl\u00e1 Dias, aos 85 anos, em Franco da Rocha (SP). A morte do fundador da&hellip;<\/p>","protected":false},"author":1,"featured_media":53915,"comment_status":"closed","ping_status":"open","sticky":false,"template":"","format":"standard","meta":{"content-type":"","footnotes":""},"categories":[16],"tags":[123,2448,5313,1267],"class_list":["post-53914","post","type-post","status-publish","format-standard","has-post-thumbnail","hentry","category-noticias","tag-brasil","tag-diario","tag-noticia","tag-noticias"],"_links":{"self":[{"href":"https:\/\/tvbrazilusa.com\/pt\/wp-json\/wp\/v2\/posts\/53914","targetHints":{"allow":["GET"]}}],"collection":[{"href":"https:\/\/tvbrazilusa.com\/pt\/wp-json\/wp\/v2\/posts"}],"about":[{"href":"https:\/\/tvbrazilusa.com\/pt\/wp-json\/wp\/v2\/types\/post"}],"author":[{"embeddable":true,"href":"https:\/\/tvbrazilusa.com\/pt\/wp-json\/wp\/v2\/users\/1"}],"replies":[{"embeddable":true,"href":"https:\/\/tvbrazilusa.com\/pt\/wp-json\/wp\/v2\/comments?post=53914"}],"version-history":[{"count":1,"href":"https:\/\/tvbrazilusa.com\/pt\/wp-json\/wp\/v2\/posts\/53914\/revisions"}],"predecessor-version":[{"id":53916,"href":"https:\/\/tvbrazilusa.com\/pt\/wp-json\/wp\/v2\/posts\/53914\/revisions\/53916"}],"wp:featuredmedia":[{"embeddable":true,"href":"https:\/\/tvbrazilusa.com\/pt\/wp-json\/wp\/v2\/media\/53915"}],"wp:attachment":[{"href":"https:\/\/tvbrazilusa.com\/pt\/wp-json\/wp\/v2\/media?parent=53914"}],"wp:term":[{"taxonomy":"category","embeddable":true,"href":"https:\/\/tvbrazilusa.com\/pt\/wp-json\/wp\/v2\/categories?post=53914"},{"taxonomy":"post_tag","embeddable":true,"href":"https:\/\/tvbrazilusa.com\/pt\/wp-json\/wp\/v2\/tags?post=53914"}],"curies":[{"name":"wp","href":"https:\/\/api.w.org\/{rel}","templated":true}]}}