{"id":53926,"date":"2024-11-01T16:35:06","date_gmt":"2024-11-01T16:35:06","guid":{"rendered":"https:\/\/tvbrazilusa.com\/2024\/11\/01\/boeing-decide-acabar-com-todo-o-setor-de-diversidade-equidade-e-inclusao\/"},"modified":"2024-11-01T16:35:07","modified_gmt":"2024-11-01T16:35:07","slug":"boeing-decide-acabar-com-todo-o-setor-de-diversidade-equidade-e-inclusao","status":"publish","type":"post","link":"https:\/\/tvbrazilusa.com\/pt\/2024\/11\/01\/boeing-decide-acabar-com-todo-o-setor-de-diversidade-equidade-e-inclusao\/","title":{"rendered":"Boeing decide acabar com todo o setor de diversidade, equidade e inclus\u00e3o"},"content":{"rendered":"<p> <script async src=\"https:\/\/pagead2.googlesyndication.com\/pagead\/js\/adsbygoogle.js?client=ca-pub-8864793242727901\"\r\n     crossorigin=\"anonymous\"><\/script><br \/>\n<\/p>\n<div id=\"taboola-read-more\" style=\"display:block; width:100%\">\n<p>A Boeing, gigante norte-americana da avia\u00e7\u00e3o, decidiu dissolver seu departamento global de Diversidade, Equidade e Inclus\u00e3o (DEI), de acordo com informa\u00e7\u00f5es divulgadas pela Bloomberg nesta quinta-feira (31).\n<\/p>\n<p>Fontes indicam que o setor ser\u00e1 substitu\u00eddo por uma equipe de Recursos Humanos, voltada ao desenvolvimento de talentos e experi\u00eancia dos funcion\u00e1rios.<\/p>\n<p>Sara Liang Bowen, que ocupava o cargo de vice-presidente do departamento de DEI, anunciou sua sa\u00edda da Boeing em um post no LinkedIn. \u201cFoi um privil\u00e9gio da minha vida liderar a Equidade, Diversidade e Inclus\u00e3o na Boeing nos \u00faltimos cinco anos\u201d, afirmou. Ela tamb\u00e9m mencionou os esfor\u00e7os da equipe para promover inova\u00e7\u00e3o e inclus\u00e3o dentro da empresa.\n<\/p>\n<p>Paralelamente, a Boeing anunciou na ter\u00e7a-feira (29) uma oferta de a\u00e7\u00f5es que poder\u00e1 levantar at\u00e9 US$ 24,3 bilh\u00f5es, com o objetivo de refor\u00e7ar sua sa\u00fade financeira em meio aos impactos de uma greve que j\u00e1 dura seis semanas em uma de suas f\u00e1bricas.\n<\/p>\n<p>Al\u00e9m disso, a empresa externou um plano para cortar 17.000 postos de trabalho, representando cerca de 10% de sua for\u00e7a de trabalho global, em resposta \u00e0s recentes dificuldades operacionais e econ\u00f4micas.<\/p>\n<p>Fonte: Conex\u00e3o Pol\u00edtica              <\/p>\n<\/div>\n<p><br \/>\n<br \/><a href=\"https:\/\/diariodobrasilnoticias.com.br\/noticia\/boeing-decide-acabar-com-todo-o-setor-de-diversidade-equidade-e-inclusao-6724e20f9d25c\">Source link <\/a><\/p>","protected":false},"excerpt":{"rendered":"<p>A Boeing, gigante norte-americana da avia\u00e7\u00e3o, decidiu dissolver seu departamento global de Diversidade, Equidade e Inclus\u00e3o (DEI), de acordo com informa\u00e7\u00f5es divulgadas pela Bloomberg nesta quinta-feira (31). Fontes indicam que&hellip;<\/p>","protected":false},"author":1,"featured_media":53927,"comment_status":"closed","ping_status":"open","sticky":false,"template":"","format":"standard","meta":{"content-type":"","footnotes":""},"categories":[16],"tags":[123,2448,5313,1267],"class_list":["post-53926","post","type-post","status-publish","format-standard","has-post-thumbnail","hentry","category-noticias","tag-brasil","tag-diario","tag-noticia","tag-noticias"],"_links":{"self":[{"href":"https:\/\/tvbrazilusa.com\/pt\/wp-json\/wp\/v2\/posts\/53926","targetHints":{"allow":["GET"]}}],"collection":[{"href":"https:\/\/tvbrazilusa.com\/pt\/wp-json\/wp\/v2\/posts"}],"about":[{"href":"https:\/\/tvbrazilusa.com\/pt\/wp-json\/wp\/v2\/types\/post"}],"author":[{"embeddable":true,"href":"https:\/\/tvbrazilusa.com\/pt\/wp-json\/wp\/v2\/users\/1"}],"replies":[{"embeddable":true,"href":"https:\/\/tvbrazilusa.com\/pt\/wp-json\/wp\/v2\/comments?post=53926"}],"version-history":[{"count":1,"href":"https:\/\/tvbrazilusa.com\/pt\/wp-json\/wp\/v2\/posts\/53926\/revisions"}],"predecessor-version":[{"id":53928,"href":"https:\/\/tvbrazilusa.com\/pt\/wp-json\/wp\/v2\/posts\/53926\/revisions\/53928"}],"wp:featuredmedia":[{"embeddable":true,"href":"https:\/\/tvbrazilusa.com\/pt\/wp-json\/wp\/v2\/media\/53927"}],"wp:attachment":[{"href":"https:\/\/tvbrazilusa.com\/pt\/wp-json\/wp\/v2\/media?parent=53926"}],"wp:term":[{"taxonomy":"category","embeddable":true,"href":"https:\/\/tvbrazilusa.com\/pt\/wp-json\/wp\/v2\/categories?post=53926"},{"taxonomy":"post_tag","embeddable":true,"href":"https:\/\/tvbrazilusa.com\/pt\/wp-json\/wp\/v2\/tags?post=53926"}],"curies":[{"name":"wp","href":"https:\/\/api.w.org\/{rel}","templated":true}]}}