{"id":53932,"date":"2024-11-01T16:46:47","date_gmt":"2024-11-01T16:46:47","guid":{"rendered":"https:\/\/tvbrazilusa.com\/2024\/11\/01\/brasileiros-desembolsaram-r-3-trilhoes-em-impostos-desde-janeiro\/"},"modified":"2024-11-01T16:46:48","modified_gmt":"2024-11-01T16:46:48","slug":"brasileiros-desembolsaram-r-3-trilhoes-em-impostos-desde-janeiro","status":"publish","type":"post","link":"https:\/\/tvbrazilusa.com\/pt\/2024\/11\/01\/brasileiros-desembolsaram-r-3-trilhoes-em-impostos-desde-janeiro\/","title":{"rendered":"Brasileiros desembolsaram R$ 3 trilh\u00f5es em impostos desde janeiro"},"content":{"rendered":"<p> <script async src=\"https:\/\/pagead2.googlesyndication.com\/pagead\/js\/adsbygoogle.js?client=ca-pub-8864793242727901\"\r\n     crossorigin=\"anonymous\"><\/script><br \/>\n<\/p>\n<div id=\"taboola-read-more\" style=\"display:block; width:100%\">\n<p>O Impost\u00f4metro da Associa\u00e7\u00e3o Comercial de S\u00e3o Paulo (ACSP) alcan\u00e7ou na manh\u00e3 desta sexta-feira (1\u00ba) a marca de R$ 3 trilh\u00f5es em impostos, taxas e contribui\u00e7\u00f5es pagos pelos brasileiros desde o in\u00edcio deste ano. O registro foi feito \u00e0s 8h50 e chegou 54 dias mais cedo do que no ano anterior, marcando um crescimento de 20% em compara\u00e7\u00e3o a 2023, quando a marca foi atingida em 25 de dezembro, conforme a ACSP.\n<\/p>\n<p>Roberto Mateus Ordine, presidente da associa\u00e7\u00e3o paulista, expressou satisfa\u00e7\u00e3o e preocupa\u00e7\u00e3o com o avan\u00e7o na arrecada\u00e7\u00e3o.<\/p>\n<p>\u2013 Para n\u00f3s, j\u00e1 era esperado atingir os 3 trilh\u00f5es antecipados, batendo mais um recorde. Isso nos traz, de um lado, alegria pelo volume representado, mas, por outro, tristeza, pois essa arrecada\u00e7\u00e3o deveria beneficiar a popula\u00e7\u00e3o, o que, infelizmente, n\u00e3o est\u00e1 acontecendo \u2013 afirmou.\n<\/p>\n<p>\u00a0<\/p>\n<p>Ele destacou a necessidade de mais investimentos, considerando que grande parte do Produto Interno Bruto (PIB) est\u00e1 comprometida com custeio, limitando a faixa destinada a obras e programas de atendimento.\n<\/p>\n<p>O economista da ACSP, Ulisses Ruiz de Gamboa, ressaltou que o sistema tribut\u00e1rio brasileiro \u00e9 predominantemente baseado no consumo.\n<\/p>\n<p>\u2013 \u00c0 medida que os pre\u00e7os dos bens e servi\u00e7os aumentam, a arrecada\u00e7\u00e3o tamb\u00e9m cresce. O crescimento da atividade econ\u00f4mica tamb\u00e9m impacta positivamente \u2013 explicou.\n<\/p>\n<p>Gamboa prev\u00ea que, se as condi\u00e7\u00f5es atuais persistirem, \u00e9 prov\u00e1vel que a arrecada\u00e7\u00e3o antecipe ainda mais a marca de R$ 3 trilh\u00f5es nos pr\u00f3ximos anos.\n<\/p>\n<p>\u00a0<\/p>\n<p>Jo\u00e3o Eloi Olenike, presidente do Instituto Brasileiro de Planejamento e Tributa\u00e7\u00e3o (IBPT), atribui o aumento da arrecada\u00e7\u00e3o \u00e0s pol\u00edticas fiscais implementadas pelo governo, que visam aumentar os impostos para lidar com a alta dos gastos p\u00fablicos.\n<\/p>\n<p>Conforme ele, medidas como a reintegra\u00e7\u00e3o das al\u00edquotas de PIS e Cofins dos combust\u00edveis e a eleva\u00e7\u00e3o da Contribui\u00e7\u00e3o Social sobre o Lucro L\u00edquido (CSLL) dos bancos s\u00e3o algumas das a\u00e7\u00f5es que contribu\u00edram para o aumento da arrecada\u00e7\u00e3o Olenike alertou, no entanto, que \u201carrecada-se bem, por\u00e9m gasta-se mal\u201d, e expressou preocupa\u00e7\u00e3o com a expectativa de que esse cen\u00e1rio se mantenha em 2025.\n<\/p>\n<p>A ACSP tamb\u00e9m apresentou uma perspectiva sobre o que R$ 3 trilh\u00f5es poderiam comprar. Com esse montante, seria poss\u00edvel adquirir 42,8 milh\u00f5es de carros populares ou 3,1 bilh\u00f5es de celulares simples, entre outros itens. A lista revela n\u00e3o apenas o valor expressivo da arrecada\u00e7\u00e3o, mas tamb\u00e9m o potencial impacto que esses recursos poderiam ter na melhoria da qualidade de vida da popula\u00e7\u00e3o, caso fossem investidos de forma mais eficaz.\n<\/p>\n<p>Conforme os especialistas, o aumento cont\u00ednuo da arrecada\u00e7\u00e3o, a sociedade brasileira enfrenta o desafio de assegurar que os recursos arrecadados se revertam em benef\u00edcios reais para a popula\u00e7\u00e3o, evidenciando a necessidade de uma gest\u00e3o fiscal mais respons\u00e1vel e transparente. Eles est\u00e3o em conson\u00e2ncia quanto \u00e0 urg\u00eancia das discuss\u00f5es sobre a efici\u00eancia do gasto p\u00fablico e a melhoria dos servi\u00e7os prestados \u00e0 sociedade \u00e0 medida que novas marcas de arrecada\u00e7\u00e3o s\u00e3o alcan\u00e7adas.\n<\/p>\n<p>\u00a0<\/p>\n<p>*AE\n<\/p>\n<p>Fonte: Pleno News              <\/p>\n<\/div>\n<p><br \/>\n<br \/><a href=\"https:\/\/diariodobrasilnoticias.com.br\/noticia\/brasileiros-desembolsaram-r-3-trilhoes-em-impostos-desde-janeiro-6724f044cb075\">Source link <\/a><\/p>","protected":false},"excerpt":{"rendered":"<p>O Impost\u00f4metro da Associa\u00e7\u00e3o Comercial de S\u00e3o Paulo (ACSP) alcan\u00e7ou na manh\u00e3 desta sexta-feira (1\u00ba) a marca de R$ 3 trilh\u00f5es em impostos, taxas e contribui\u00e7\u00f5es pagos pelos brasileiros desde&hellip;<\/p>","protected":false},"author":1,"featured_media":53933,"comment_status":"closed","ping_status":"open","sticky":false,"template":"","format":"standard","meta":{"content-type":"","footnotes":""},"categories":[16],"tags":[123,2448,5313,1267],"class_list":["post-53932","post","type-post","status-publish","format-standard","has-post-thumbnail","hentry","category-noticias","tag-brasil","tag-diario","tag-noticia","tag-noticias"],"_links":{"self":[{"href":"https:\/\/tvbrazilusa.com\/pt\/wp-json\/wp\/v2\/posts\/53932","targetHints":{"allow":["GET"]}}],"collection":[{"href":"https:\/\/tvbrazilusa.com\/pt\/wp-json\/wp\/v2\/posts"}],"about":[{"href":"https:\/\/tvbrazilusa.com\/pt\/wp-json\/wp\/v2\/types\/post"}],"author":[{"embeddable":true,"href":"https:\/\/tvbrazilusa.com\/pt\/wp-json\/wp\/v2\/users\/1"}],"replies":[{"embeddable":true,"href":"https:\/\/tvbrazilusa.com\/pt\/wp-json\/wp\/v2\/comments?post=53932"}],"version-history":[{"count":1,"href":"https:\/\/tvbrazilusa.com\/pt\/wp-json\/wp\/v2\/posts\/53932\/revisions"}],"predecessor-version":[{"id":53934,"href":"https:\/\/tvbrazilusa.com\/pt\/wp-json\/wp\/v2\/posts\/53932\/revisions\/53934"}],"wp:featuredmedia":[{"embeddable":true,"href":"https:\/\/tvbrazilusa.com\/pt\/wp-json\/wp\/v2\/media\/53933"}],"wp:attachment":[{"href":"https:\/\/tvbrazilusa.com\/pt\/wp-json\/wp\/v2\/media?parent=53932"}],"wp:term":[{"taxonomy":"category","embeddable":true,"href":"https:\/\/tvbrazilusa.com\/pt\/wp-json\/wp\/v2\/categories?post=53932"},{"taxonomy":"post_tag","embeddable":true,"href":"https:\/\/tvbrazilusa.com\/pt\/wp-json\/wp\/v2\/tags?post=53932"}],"curies":[{"name":"wp","href":"https:\/\/api.w.org\/{rel}","templated":true}]}}