{"id":53951,"date":"2024-11-01T17:52:40","date_gmt":"2024-11-01T17:52:40","guid":{"rendered":"https:\/\/tvbrazilusa.com\/2024\/11\/01\/segundo-arthur-lira-o-que-o-pt-solicitou-para-apoiar-hugo-motta-na-presidencia-da-camara\/"},"modified":"2024-11-01T17:52:41","modified_gmt":"2024-11-01T17:52:41","slug":"segundo-arthur-lira-o-que-o-pt-solicitou-para-apoiar-hugo-motta-na-presidencia-da-camara","status":"publish","type":"post","link":"https:\/\/tvbrazilusa.com\/pt\/2024\/11\/01\/segundo-arthur-lira-o-que-o-pt-solicitou-para-apoiar-hugo-motta-na-presidencia-da-camara\/","title":{"rendered":"Segundo Arthur Lira, o que o PT solicitou para apoiar Hugo Motta na presid\u00eancia da C\u00e2mara"},"content":{"rendered":"<p> <script async src=\"https:\/\/pagead2.googlesyndication.com\/pagead\/js\/adsbygoogle.js?client=ca-pub-8864793242727901\"\r\n     crossorigin=\"anonymous\"><\/script><br \/>\n<\/p>\n<div id=\"taboola-read-more\" style=\"display:block; width:100%\">\n<p>Arthur Lira (PP-AL), presidente da C\u00e2mara dos Deputados, anunciou as condi\u00e7\u00f5es que o PT imp\u00f4s para apoiar seu afilhado pol\u00edtico, Hugo Motta (Republicanos-PB), na disputa pela presid\u00eancia da Casa, em fevereiro.\n<\/p>\n<p>O partido de Luiz In\u00e1cio Lula da Silva pediu para nomear um membro da sigla para o Tribunal de Contas da Uni\u00e3o (TCU). A negocia\u00e7\u00e3o ocorre de forma antecipada, uma vez que a aposentadoria de dois ministros do tribunal ocorre at\u00e9 2027.<\/p>\n<p>\u201cO PT solicitou a indica\u00e7\u00e3o da bancada deles e reclamou que politicamente nunca teve um representante no TCU\u201d, disse Lira, em entrevista \u00e0 Folha de S.Paulo. \u201c[H\u00e1 o compromisso] com o PT, sim, de eles indicarem a vaga\u201d.\n<\/p>\n<p>Ele tamb\u00e9m ressaltou que as negocia\u00e7\u00f5es sobre a vaga no TCU s\u00e3o leg\u00edtimas, embora a indica\u00e7\u00e3o ainda n\u00e3o tenha sido formalizada.\n<\/p>\n<p><strong>Negocia\u00e7\u00f5es com PT e PL para eleger sucessor de Arthur Lira<\/strong><br \/>Depois de o PT de Lula e o PL do ex-presidente Jair Bolsonaro declararem apoio ao seu candidato, Lira disse que buscou, para sua sucess\u00e3o na C\u00e2mara, um nome que unificasse os interesses dos partidos.\n<\/p>\n<p>O deputado afirmou que as duas legendas \u201cest\u00e3o no bloco majorit\u00e1rio\u201d e v\u00e3o ficar juntas no mesmo bloco agora da segunda mesa\u201d. Segundo Lira, as negocia\u00e7\u00f5es com os partidos s\u00e3o administrativas. \u201cEspa\u00e7os na mesa, nas comiss\u00f5es, as relatorias\u201d, revelou.\n<\/p>\n<p>Sobre a cria\u00e7\u00e3o da comiss\u00e3o especial para analisar o PL da Anistia, Lira informou que \u201co projeto estava sendo inapropriadamente usado para elei\u00e7\u00e3o na Mesa\u201d.\n<\/p>\n<p>\u201cUm tema sens\u00edvel como esse, por tudo que aconteceu, por tudo que est\u00e1 acontecendo, estava sendo usado inapropriadamente\u201d, disse o parlamentar. \u201cConversei tanto com um partido quanto com outro. N\u00f3s vamos dar a solu\u00e7\u00e3o para isso dentro do meu mandato\u201d.\n<\/p>\n<p><strong>Discuss\u00f5es sobre or\u00e7amento e reforma ministerial<\/strong><br \/>Al\u00e9m das negocia\u00e7\u00f5es para o TCU, Lira falou ainda sobre or\u00e7amento e a rela\u00e7\u00e3o entre os Poderes, enfatizando a import\u00e2ncia de manter o \u201cequil\u00edbrio institucional\u201d. Ele tamb\u00e9m abordou a necessidade de espa\u00e7o para partidos de centro em uma poss\u00edvel reforma ministerial.\n<\/p>\n<p>Fonte: Revista Oeste              <\/p>\n<\/div>\n<p><br \/>\n<br \/><a href=\"https:\/\/diariodobrasilnoticias.com.br\/noticia\/segundo-arthur-lira-o-que-o-pt-solicitou-para-apoiar-hugo-motta-na-presidencia-da-camara-6724f3616a24c\">Source link <\/a><\/p>","protected":false},"excerpt":{"rendered":"<p>Arthur Lira (PP-AL), presidente da C\u00e2mara dos Deputados, anunciou as condi\u00e7\u00f5es que o PT imp\u00f4s para apoiar seu afilhado pol\u00edtico, Hugo Motta (Republicanos-PB), na disputa pela presid\u00eancia da Casa, em&hellip;<\/p>","protected":false},"author":1,"featured_media":53952,"comment_status":"closed","ping_status":"open","sticky":false,"template":"","format":"standard","meta":{"content-type":"","footnotes":""},"categories":[16],"tags":[123,2448,5313,1267],"class_list":["post-53951","post","type-post","status-publish","format-standard","has-post-thumbnail","hentry","category-noticias","tag-brasil","tag-diario","tag-noticia","tag-noticias"],"_links":{"self":[{"href":"https:\/\/tvbrazilusa.com\/pt\/wp-json\/wp\/v2\/posts\/53951","targetHints":{"allow":["GET"]}}],"collection":[{"href":"https:\/\/tvbrazilusa.com\/pt\/wp-json\/wp\/v2\/posts"}],"about":[{"href":"https:\/\/tvbrazilusa.com\/pt\/wp-json\/wp\/v2\/types\/post"}],"author":[{"embeddable":true,"href":"https:\/\/tvbrazilusa.com\/pt\/wp-json\/wp\/v2\/users\/1"}],"replies":[{"embeddable":true,"href":"https:\/\/tvbrazilusa.com\/pt\/wp-json\/wp\/v2\/comments?post=53951"}],"version-history":[{"count":1,"href":"https:\/\/tvbrazilusa.com\/pt\/wp-json\/wp\/v2\/posts\/53951\/revisions"}],"predecessor-version":[{"id":53953,"href":"https:\/\/tvbrazilusa.com\/pt\/wp-json\/wp\/v2\/posts\/53951\/revisions\/53953"}],"wp:featuredmedia":[{"embeddable":true,"href":"https:\/\/tvbrazilusa.com\/pt\/wp-json\/wp\/v2\/media\/53952"}],"wp:attachment":[{"href":"https:\/\/tvbrazilusa.com\/pt\/wp-json\/wp\/v2\/media?parent=53951"}],"wp:term":[{"taxonomy":"category","embeddable":true,"href":"https:\/\/tvbrazilusa.com\/pt\/wp-json\/wp\/v2\/categories?post=53951"},{"taxonomy":"post_tag","embeddable":true,"href":"https:\/\/tvbrazilusa.com\/pt\/wp-json\/wp\/v2\/tags?post=53951"}],"curies":[{"name":"wp","href":"https:\/\/api.w.org\/{rel}","templated":true}]}}