{"id":53954,"date":"2024-11-01T18:06:04","date_gmt":"2024-11-01T18:06:04","guid":{"rendered":"https:\/\/tvbrazilusa.com\/2024\/11\/01\/caos-depois-de-temporal-lojas-sao-saqueadas-na-espanha\/"},"modified":"2024-11-01T18:06:06","modified_gmt":"2024-11-01T18:06:06","slug":"caos-depois-de-temporal-lojas-sao-saqueadas-na-espanha","status":"publish","type":"post","link":"https:\/\/tvbrazilusa.com\/pt\/2024\/11\/01\/caos-depois-de-temporal-lojas-sao-saqueadas-na-espanha\/","title":{"rendered":"CAOS: Depois de temporal, lojas s\u00e3o saqueadas na Espanha"},"content":{"rendered":"<p> <script async src=\"https:\/\/pagead2.googlesyndication.com\/pagead\/js\/adsbygoogle.js?client=ca-pub-8864793242727901\"\r\n     crossorigin=\"anonymous\"><\/script><br \/>\n<\/p>\n<div id=\"taboola-read-more\" style=\"display:block; width:100%\">\n<p>Tr\u00eas dias depois de um temporal e da maior enchente dos \u00faltimos anos na Espanha, a situa\u00e7\u00e3o em Val\u00eancia permanece alarmante. Muitas ruas ainda est\u00e3o tomadas por carros, levados pela correnteza, e moradores registram saques a supermercados e shopping.\n<\/p>\n<p>Nesta sexta-feira, 1\u00ba, 205 mortes foram confirmadas pelas autoridades. H\u00e1 dezenas de desaparecidos.<\/p>\n<p>At\u00e9 agora, cinco pessoas foram presas em raz\u00e3o dos saques. Os moradores enfrentam falta de comida, de \u00e1gua e de energia el\u00e9trica. Como um refor\u00e7o \u00e0 seguran\u00e7a, o governo espanhol enviou o Ex\u00e9rcito para as regi\u00f5es afetadas.\n<\/p>\n<p>Os militares tamb\u00e9m v\u00e3o auxiliar na limpeza e na distribui\u00e7\u00e3o de alimentos na regi\u00e3o sul de Val\u00eancia, a \u00e1rea mais atingida, al\u00e9m de atuarem no resgate de v\u00edtimas. Mais de mil soldados est\u00e3o trabalhando com servi\u00e7os locais na busca por sobreviventes e corpos. At\u00e9 agora, 22 corpos foram recuperados.\n<\/p>\n<p>O ministro dos Transportes, \u00d3scar Puente, informou que muitas pessoas ficaram presas em seus ve\u00edculos. Carros empilhados ainda bloqueiam v\u00e1rias ruas.\n<\/p>\n<p>Desde quinta-feira 31, volunt\u00e1rios organizados por redes sociais tentaram ajudar, mas a Defesa Civil pediu que evitassem a regi\u00e3o. Equipes de resgate continuam buscando por v\u00edtimas, principalmente nos bairros do sul e em munic\u00edpios como Paiporta e Torrent.\n<\/p>\n<p>Impacto da enchente<br \/>Moradores relataram que muitos sa\u00edram para mover seus carros de garagens subterr\u00e2neas, mas foram pegos de surpresa pela enchente.\n<\/p>\n<p>Val\u00eancia est\u00e1 acostumada a tempestades de outono, mas esta foi a mais severa do s\u00e9culo. Em poucas horas, choveu o esperado para um ano inteiro, levando o governo a classificar a enchente como o pior desastre do s\u00e9culo 21, ou seja, dos \u00faltimos 24 anos. Al\u00e9m das v\u00edtimas em Val\u00eancia, tr\u00eas pessoas morreram em Castilla-La Mancha e Andaluzia.\n<\/p>\n<p>O primeiro-ministro Pedro S\u00e1nchez pediu calma e que os cidad\u00e3os sigam as recomenda\u00e7\u00f5es dos servi\u00e7os de emerg\u00eancia, em meio a cr\u00edticas sobre a demora nos alertas.\n<\/p>\n<p><strong>Compara\u00e7\u00f5es hist\u00f3ricas<\/strong><br \/>A Ag\u00eancia Estatal de Meteorologia da Espanha (Aemet) disse que o impacto das chuvas deste ano foi maior que as enchentes de 2019, mas compar\u00e1vel aos dois grandes temporais dos anos 1980: a chamada enchente de Tous, em 1982, e outro em 1987.\n<\/p>\n<p>Diversas campanhas de doa\u00e7\u00e3o foram iniciadas para ajudar os desabrigados. O Real Madrid doou \u20ac1 milh\u00e3o para os afetados.\n<\/p>\n<p>Os esfor\u00e7os de resgate continuam intensos, com autoridades relatando o resgate de cerca de 70 pessoas atrav\u00e9s de helic\u00f3pteros.\n<\/p>\n<p>Fonte: Revista Oeste              <\/p>\n<\/div>\n<p><br \/>\n<br \/><a href=\"https:\/\/diariodobrasilnoticias.com.br\/noticia\/depois-de-temporal-lojas-sao-saqueadas-na-espanha-6724f5a72e6e6\">Source link <\/a><\/p>","protected":false},"excerpt":{"rendered":"<p>Tr\u00eas dias depois de um temporal e da maior enchente dos \u00faltimos anos na Espanha, a situa\u00e7\u00e3o em Val\u00eancia permanece alarmante. Muitas ruas ainda est\u00e3o tomadas por carros, levados pela&hellip;<\/p>","protected":false},"author":1,"featured_media":53955,"comment_status":"closed","ping_status":"open","sticky":false,"template":"","format":"standard","meta":{"content-type":"","footnotes":""},"categories":[16],"tags":[123,2448,5313,1267],"class_list":["post-53954","post","type-post","status-publish","format-standard","has-post-thumbnail","hentry","category-noticias","tag-brasil","tag-diario","tag-noticia","tag-noticias"],"_links":{"self":[{"href":"https:\/\/tvbrazilusa.com\/pt\/wp-json\/wp\/v2\/posts\/53954","targetHints":{"allow":["GET"]}}],"collection":[{"href":"https:\/\/tvbrazilusa.com\/pt\/wp-json\/wp\/v2\/posts"}],"about":[{"href":"https:\/\/tvbrazilusa.com\/pt\/wp-json\/wp\/v2\/types\/post"}],"author":[{"embeddable":true,"href":"https:\/\/tvbrazilusa.com\/pt\/wp-json\/wp\/v2\/users\/1"}],"replies":[{"embeddable":true,"href":"https:\/\/tvbrazilusa.com\/pt\/wp-json\/wp\/v2\/comments?post=53954"}],"version-history":[{"count":1,"href":"https:\/\/tvbrazilusa.com\/pt\/wp-json\/wp\/v2\/posts\/53954\/revisions"}],"predecessor-version":[{"id":53956,"href":"https:\/\/tvbrazilusa.com\/pt\/wp-json\/wp\/v2\/posts\/53954\/revisions\/53956"}],"wp:featuredmedia":[{"embeddable":true,"href":"https:\/\/tvbrazilusa.com\/pt\/wp-json\/wp\/v2\/media\/53955"}],"wp:attachment":[{"href":"https:\/\/tvbrazilusa.com\/pt\/wp-json\/wp\/v2\/media?parent=53954"}],"wp:term":[{"taxonomy":"category","embeddable":true,"href":"https:\/\/tvbrazilusa.com\/pt\/wp-json\/wp\/v2\/categories?post=53954"},{"taxonomy":"post_tag","embeddable":true,"href":"https:\/\/tvbrazilusa.com\/pt\/wp-json\/wp\/v2\/tags?post=53954"}],"curies":[{"name":"wp","href":"https:\/\/api.w.org\/{rel}","templated":true}]}}