{"id":53957,"date":"2024-11-01T18:17:42","date_gmt":"2024-11-01T18:17:42","guid":{"rendered":"https:\/\/tvbrazilusa.com\/2024\/11\/01\/uma-nova-especie-de-cacto-e-descoberta-no-brasil\/"},"modified":"2024-11-01T18:17:43","modified_gmt":"2024-11-01T18:17:43","slug":"uma-nova-especie-de-cacto-e-descoberta-no-brasil","status":"publish","type":"post","link":"https:\/\/tvbrazilusa.com\/pt\/2024\/11\/01\/uma-nova-especie-de-cacto-e-descoberta-no-brasil\/","title":{"rendered":"Uma nova esp\u00e9cie de cacto \u00e9 descoberta no Brasil"},"content":{"rendered":"<p> <script async src=\"https:\/\/pagead2.googlesyndication.com\/pagead\/js\/adsbygoogle.js?client=ca-pub-8864793242727901\"\r\n     crossorigin=\"anonymous\"><\/script><br \/>\n<\/p>\n<div id=\"taboola-read-more\" style=\"display:block; width:100%\">\n<p>Parque Nacional das Sempre-Vivas, localizado na Serra do Espinha\u00e7o, em Minas Gerais, tornou-se palco de uma descoberta bot\u00e2nica not\u00e1vel. Uma equipe de pesquisadores do Instituto Chico Mendes de Conserva\u00e7\u00e3o da Biodiversidade (ICMBio) identificou uma nova esp\u00e9cie de cacto, a Uebelmannia nuda. Este cacto subterr\u00e2neo, compacto e desprovido de espinhos, foi descrito como capaz de caber na palma da m\u00e3o, destacando-se por suas caracter\u00edsticas \u00fanicas.\n<\/p>\n<p>A descoberta, liderada pela bot\u00e2nica e professora da Universidade de Bras\u00edlia, Daniela Zappi, trouxe \u00e0 tona um cacto com um formato incomum. Com estrutura turbinada e semi-enterrada, a Uebelmannia nuda contrasta com a maioria dos cactos que possuem um formato vertical e cil\u00edndrico. O nome \u201cnuda\u201d, derivado do latim, reflete a apar\u00eancia desprotegida da planta, sem espinhos.<\/p>\n<p><strong>Quais s\u00e3o as Caracter\u00edsticas da Uebelmannia Nuda?<\/strong>\n<\/p>\n<p>Este cacto \u00e9 end\u00eamico da regi\u00e3o onde foi descoberto, especificamente em uma \u00e1rea remota do parque nacional. A vegeta\u00e7\u00e3o encontrada no topo das montanhas \u00e9 chamada de campo rupestre, reconhecida por seu elevado n\u00edvel de endemismo. A Uebelmannia nuda foi inicialmente confundida com esp\u00e9cies do g\u00eanero Discocactus, que tamb\u00e9m s\u00e3o end\u00eamicas de Minas Gerais.\n<\/p>\n<p>Para uma identifica\u00e7\u00e3o precisa, a pesquisadora Fabiane Costa, da Universidade Federal dos Vales do Jequitinhonha e Mucuri, fez uma viagem ao local de helic\u00f3ptero, coletando amostras para estudo. A coleta ocorreu em abril de 2023, mas a publica\u00e7\u00e3o oficial s\u00f3 saiu em maio de 2024 na revista Taxon, ap\u00f3s a an\u00e1lise rigorosa dos dados.\n<\/p>\n<p><strong>Como Est\u00e1 Acontecendendo o Monitoramento da Esp\u00e9cie?<\/strong><br \/>A Uebelmannia nuda ainda \u00e9 uma esp\u00e9cie pouco conhecida, com estimativas de cerca de 50 esp\u00e9cimes encontradas. Muitos foram resgatados e agora est\u00e3o em um viveiro do ICMBio, devido \u00e0s amea\u00e7as causadas pela minera\u00e7\u00e3o na \u00e1rea. O ICMBio realiza monitoramentos anuais, al\u00e9m de trabalhar para desencorajar pr\u00e1ticas de minera\u00e7\u00e3o que possam afetar o habitat do cacto.\n<\/p>\n<p><strong>Por Que a Uebelmannia Nuda \u00e9 Singulares em Compara\u00e7\u00e3o com Outras Esp\u00e9cies?<\/strong><br \/>Esp\u00e9cies de Cactaceae sem espinhos, como a Uebelmannia nuda, t\u00eam caracter\u00edsticas adaptativas intrigantes. A aus\u00eancia de espinhos, que em outros contextos funcionam como prote\u00e7\u00e3o contra predadores, pode n\u00e3o ser necess\u00e1ria para esta esp\u00e9cie. Essa caracter\u00edstica pode ser vista como uma adapta\u00e7\u00e3o a um ambiente onde a prote\u00e7\u00e3o f\u00edsica n\u00e3o \u00e9 primordial.\n<\/p>\n<p>Al\u00e9m de seu papel ecol\u00f3gico espec\u00edfico, a descoberta dessa esp\u00e9cie salienta os esfor\u00e7os cient\u00edficos conjuntos necess\u00e1rios para ampliar o conhecimento bot\u00e2nico da regi\u00e3o. A colabora\u00e7\u00e3o entre especialistas \u00e9 um ponto central, permitindo que tais descobertas se tornem realidade.\n<\/p>\n<p>Essa descoberta sublinha a import\u00e2ncia dos campos rupestres de Minas Gerais como potenciais ref\u00fagios para esp\u00e9cies \u00fanicas e sustenta a relev\u00e2ncia da conserva\u00e7\u00e3o e estudo cont\u00ednuo dessas \u00e1reas. Os esfor\u00e7os para proteger essas esp\u00e9cies s\u00e3o cruciais para preservar a biodiversidade e o patrim\u00f4nio natural do Brasil.<\/p>\n<p>Fonte: O antagonista              <\/p>\n<\/div>\n<p><br \/>\n<br \/><a href=\"https:\/\/diariodobrasilnoticias.com.br\/noticia\/uma-nova-especie-de-cacto-e-descoberta-no-brasil-6724f6b133fba\">Source link <\/a><\/p>","protected":false},"excerpt":{"rendered":"<p>Parque Nacional das Sempre-Vivas, localizado na Serra do Espinha\u00e7o, em Minas Gerais, tornou-se palco de uma descoberta bot\u00e2nica not\u00e1vel. Uma equipe de pesquisadores do Instituto Chico Mendes de Conserva\u00e7\u00e3o da&hellip;<\/p>","protected":false},"author":1,"featured_media":53958,"comment_status":"closed","ping_status":"open","sticky":false,"template":"","format":"standard","meta":{"content-type":"","footnotes":""},"categories":[16],"tags":[123,2448,5313,1267],"class_list":["post-53957","post","type-post","status-publish","format-standard","has-post-thumbnail","hentry","category-noticias","tag-brasil","tag-diario","tag-noticia","tag-noticias"],"_links":{"self":[{"href":"https:\/\/tvbrazilusa.com\/pt\/wp-json\/wp\/v2\/posts\/53957","targetHints":{"allow":["GET"]}}],"collection":[{"href":"https:\/\/tvbrazilusa.com\/pt\/wp-json\/wp\/v2\/posts"}],"about":[{"href":"https:\/\/tvbrazilusa.com\/pt\/wp-json\/wp\/v2\/types\/post"}],"author":[{"embeddable":true,"href":"https:\/\/tvbrazilusa.com\/pt\/wp-json\/wp\/v2\/users\/1"}],"replies":[{"embeddable":true,"href":"https:\/\/tvbrazilusa.com\/pt\/wp-json\/wp\/v2\/comments?post=53957"}],"version-history":[{"count":1,"href":"https:\/\/tvbrazilusa.com\/pt\/wp-json\/wp\/v2\/posts\/53957\/revisions"}],"predecessor-version":[{"id":53959,"href":"https:\/\/tvbrazilusa.com\/pt\/wp-json\/wp\/v2\/posts\/53957\/revisions\/53959"}],"wp:featuredmedia":[{"embeddable":true,"href":"https:\/\/tvbrazilusa.com\/pt\/wp-json\/wp\/v2\/media\/53958"}],"wp:attachment":[{"href":"https:\/\/tvbrazilusa.com\/pt\/wp-json\/wp\/v2\/media?parent=53957"}],"wp:term":[{"taxonomy":"category","embeddable":true,"href":"https:\/\/tvbrazilusa.com\/pt\/wp-json\/wp\/v2\/categories?post=53957"},{"taxonomy":"post_tag","embeddable":true,"href":"https:\/\/tvbrazilusa.com\/pt\/wp-json\/wp\/v2\/tags?post=53957"}],"curies":[{"name":"wp","href":"https:\/\/api.w.org\/{rel}","templated":true}]}}