{"id":53962,"date":"2024-11-01T18:33:43","date_gmt":"2024-11-01T18:33:43","guid":{"rendered":"https:\/\/tvbrazilusa.com\/2024\/11\/01\/deputada-apresenta-pl-para-liberar-cultos-em-escolas\/"},"modified":"2024-11-01T18:33:44","modified_gmt":"2024-11-01T18:33:44","slug":"deputada-apresenta-pl-para-liberar-cultos-em-escolas","status":"publish","type":"post","link":"https:\/\/tvbrazilusa.com\/pt\/2024\/11\/01\/deputada-apresenta-pl-para-liberar-cultos-em-escolas\/","title":{"rendered":"Deputada apresenta PL para liberar cultos em escolas"},"content":{"rendered":"<p> <script async src=\"https:\/\/pagead2.googlesyndication.com\/pagead\/js\/adsbygoogle.js?client=ca-pub-8864793242727901\"\r\n     crossorigin=\"anonymous\"><\/script><br \/>\n<\/p>\n<div>\n<p>A deputada federal Mission\u00e1ria Michele Collins (PP-PE) apresentou na 4\u00aa feira (30.out.2024) um PL (Projeto de Lei) na C\u00e2mara dos Deputados que tem como objetivo autorizar cultos e atos religiosos em escolas p\u00fablicas e privadas do Brasil.\n<\/p>\n<p>\u201cO exerc\u00edcio volunt\u00e1rio de ritos religiosos, como os cultos crist\u00e3os por alunos em unidades de ensino p\u00fablicas e privadas, \u00e9 uma a\u00e7\u00e3o leg\u00edtima e est\u00e1 ligada ao princ\u00edpio constitucional da dignidade da pessoa humana. O Estado Laico garante a liberdade religiosa, por meio da express\u00e3o da f\u00e9 e, consequentemente, a harmonia entre o Estado e a religi\u00e3o\u201d, defendeu.<\/p>\n<p>O projeto sugere multas de R$ 1 mil a R$ 3 mil para escolas privadas que proibirem atos religiosos e a abertura de procedimento administrativo contra gestores de escolas p\u00fablicas que fizerem o mesmo. Eis a \u00edntegra (PDF \u2013 4 MB). \u201cConsideram-se ritos religiosos o conjunto de a\u00e7\u00f5es que tem o prop\u00f3sito de compartilhar experi\u00eancias religiosas, como leitura b\u00edblica, comemora\u00e7\u00e3o de cunho religioso, cultos, devocional, dentre outros\u201d, disse.\n<\/p>\n<p>A medida garante que os atos possam ser feitos de forma volunt\u00e1ria, seja por iniciativa dos alunos ou por convoca\u00e7\u00e3o das escolas. O despacho aguarda agora o despacho do Presidente da C\u00e2mara, Arthur Lira (PP-AL). Ambos s\u00e3o da mesma legenda, o partido Progressistas.\n<\/p>\n<p><strong>Leia o que mais o projeto sugere:<\/strong>\n<\/p>\n<ul>\n<li>os eventos dever\u00e3o ocorrer durante os intervalos entre as aulas, assim como em outros momentos que n\u00e3o prejudiquem as atividades acad\u00eamicas e escolares;<\/li>\n<li>nenhum aluno ou servidor da unidade de ensino ser\u00e1 obrigado a participar de atividade religiosa;<\/li>\n<li>p\u00f4r obst\u00e1culos na realiza\u00e7\u00e3o dos ritos sujeitar\u00e1 o estabelecimento privado de ensino \u00e0s penalidades: advert\u00eancia, quando da primeira autua\u00e7\u00e3o de infra\u00e7\u00e3o; e multa, de R$ 1.000,00 a R$ 3.000,00 , considerando o porte da unidade e as circunst\u00e2ncias da infra\u00e7\u00e3o.<\/li>\n<li>em caso de reincid\u00eancia, o valor da multa ser\u00e1 aplicado em dobro.<\/li>\n<li>as multas ser\u00e3o atualizadas conforme o IPCA (\u00cdndice de Pre\u00e7os ao Consumidor Amplo).<\/li>\n<\/ul>\n<p><strong>Fonte: Poder 360<\/strong>\u00a0\n<\/p>\n<\/div>\n<p><br \/>\n<br \/><a href=\"https:\/\/diariodobrasilnoticias.com.br\/noticia\/deputada-apresenta-pl-para-liberar-cultos-em-escolas-6725009d46aab\">Source link <\/a><\/p>","protected":false},"excerpt":{"rendered":"<p>A deputada federal Mission\u00e1ria Michele Collins (PP-PE) apresentou na 4\u00aa feira (30.out.2024) um PL (Projeto de Lei) na C\u00e2mara dos Deputados que tem como objetivo autorizar cultos e atos religiosos&hellip;<\/p>","protected":false},"author":1,"featured_media":53963,"comment_status":"closed","ping_status":"open","sticky":false,"template":"","format":"standard","meta":{"content-type":"","footnotes":""},"categories":[16],"tags":[123,2448,5313,1267],"class_list":["post-53962","post","type-post","status-publish","format-standard","has-post-thumbnail","hentry","category-noticias","tag-brasil","tag-diario","tag-noticia","tag-noticias"],"_links":{"self":[{"href":"https:\/\/tvbrazilusa.com\/pt\/wp-json\/wp\/v2\/posts\/53962","targetHints":{"allow":["GET"]}}],"collection":[{"href":"https:\/\/tvbrazilusa.com\/pt\/wp-json\/wp\/v2\/posts"}],"about":[{"href":"https:\/\/tvbrazilusa.com\/pt\/wp-json\/wp\/v2\/types\/post"}],"author":[{"embeddable":true,"href":"https:\/\/tvbrazilusa.com\/pt\/wp-json\/wp\/v2\/users\/1"}],"replies":[{"embeddable":true,"href":"https:\/\/tvbrazilusa.com\/pt\/wp-json\/wp\/v2\/comments?post=53962"}],"version-history":[{"count":1,"href":"https:\/\/tvbrazilusa.com\/pt\/wp-json\/wp\/v2\/posts\/53962\/revisions"}],"predecessor-version":[{"id":53964,"href":"https:\/\/tvbrazilusa.com\/pt\/wp-json\/wp\/v2\/posts\/53962\/revisions\/53964"}],"wp:featuredmedia":[{"embeddable":true,"href":"https:\/\/tvbrazilusa.com\/pt\/wp-json\/wp\/v2\/media\/53963"}],"wp:attachment":[{"href":"https:\/\/tvbrazilusa.com\/pt\/wp-json\/wp\/v2\/media?parent=53962"}],"wp:term":[{"taxonomy":"category","embeddable":true,"href":"https:\/\/tvbrazilusa.com\/pt\/wp-json\/wp\/v2\/categories?post=53962"},{"taxonomy":"post_tag","embeddable":true,"href":"https:\/\/tvbrazilusa.com\/pt\/wp-json\/wp\/v2\/tags?post=53962"}],"curies":[{"name":"wp","href":"https:\/\/api.w.org\/{rel}","templated":true}]}}