{"id":53978,"date":"2024-11-01T19:22:32","date_gmt":"2024-11-01T19:22:32","guid":{"rendered":"https:\/\/tvbrazilusa.com\/2024\/11\/01\/qual-doenca-cronica-yasmin-brunet-esta-tratando-no-hospital\/"},"modified":"2024-11-01T19:22:33","modified_gmt":"2024-11-01T19:22:33","slug":"qual-doenca-cronica-yasmin-brunet-esta-tratando-no-hospital","status":"publish","type":"post","link":"https:\/\/tvbrazilusa.com\/pt\/2024\/11\/01\/qual-doenca-cronica-yasmin-brunet-esta-tratando-no-hospital\/","title":{"rendered":"Qual doen\u00e7a cr\u00f4nica Yasmin Brunet est\u00e1 tratando no hospital"},"content":{"rendered":"<p> <script async src=\"https:\/\/pagead2.googlesyndication.com\/pagead\/js\/adsbygoogle.js?client=ca-pub-8864793242727901\"\r\n     crossorigin=\"anonymous\"><\/script><br \/>\n<\/p>\n<div id=\"taboola-read-more\" style=\"display:block; width:100%\">\n<p>Na \u00faltima quinta-feira (31\/10), Yasmin Brunet usou as redes sociais para desabafar sobre as recentes cr\u00edticas que recebeu sobre seu corpo. Enquanto era medicada em um hospital, a modelo e ex-BBB explicou o motivo de ter pedido peso ap\u00f3s iniciar um tratamento de lipedema.\n<\/p>\n<p>Com uma foto do antes e depois do in\u00edcio do tratamento, Yasmin revelou que a doen\u00e7a cr\u00f4nica impacta, acima de tudo, sua qualidade de vida.<\/p>\n<p>\u201cParece que o corpo da mulher nunca sai de cena, sempre alvo de julgamentos. Se engorda, \u00e9 criticado. Se emagrece, tamb\u00e9m. Estamos sempre \u2018demais\u2019 ou \u2018de menos\u201d, escreveu.\n<\/p>\n<p><strong>\u201cCom o tratamento, adquiri novos h\u00e1bitos e perdi peso, mas, em vez de enxergarem sa\u00fade, surgiram cr\u00edticas sobre estar \u2018magra demais\u2019, com fofocas sobre bichectomia, harmoniza\u00e7\u00e3o f\u00e1cil, procedimentos est\u00e9ticos e at\u00e9 coment\u00e1rios de que meu rosto estaria fino demais\u2019. Disseram que eu estou com \u2018rosto de caveira\u2019. \u00c9 s\u00e9rio isso?\u201d, exp\u00f4s.<\/strong>\n<\/p>\n<p>Lipedema<br \/>O lipedema \u00e9 uma doen\u00e7a cr\u00f4nica que acomete principalmente as mulheres. Apesar de ser frequentemente confundido com varizes ou reten\u00e7\u00e3o de l\u00edquidos, o quadro \u00e9 caracterizado pelo dep\u00f3sito de gordura e incha\u00e7o localizado nas pernas e nos bra\u00e7os, al\u00e9m de dor nas \u00e1reas afetadas.\n<\/p>\n<p>Conforme a endocrinologista Paula Pires afirmou anteriormente \u00e0 coluna Claudia Meireles, o lipedema consiste em uma condi\u00e7\u00e3o do tecido conjuntivo frouxo. \u201cEsse \u00e9 um tecido que tem muitas estruturas, tem gordura, mas tamb\u00e9m vasos, c\u00e9lulas da imunidade, c\u00e9lulas inflamat\u00f3rias e fibroblastos\u201d, falou.\n<\/p>\n<p>Em indiv\u00edduos diagnosticados com a doen\u00e7a, o tecido em quest\u00e3o tem um aspecto mais \u201cduro\u201d, ou fibrosado, conforme disse a profissional. \u201cEnt\u00e3o, no meio dessa gordura, al\u00e9m de ter v\u00e1rias outras subst\u00e2ncias, h\u00e1 uma grande inflama\u00e7\u00e3o, uma gordura inflamada\u201d, explicou.\n<\/p>\n<p>Causas<br \/>Ainda n\u00e3o se sabe, ao certo, as causas do lipedema, mas a m\u00e9dica pontuou que h\u00e1 um componente gen\u00e9tico muito grande nesse quesito. \u201cCostumamos observar a presen\u00e7a da doen\u00e7a em v\u00e1rios membros da mesma fam\u00edlia. J\u00e1 existem estudos gen\u00e9ticos evidenciando algumas muta\u00e7\u00f5es e polimorfismos\u201d, argumentou.\n<\/p>\n<p>\u201cTamb\u00e9m sabemos que a condi\u00e7\u00e3o tem muita rela\u00e7\u00e3o com o estr\u00f3geno [um dos principais horm\u00f4nios sexuais da mulher, sendo respons\u00e1vel pelo desenvolvimento das caracter\u00edsticas f\u00edsicas e \u00f3rg\u00e3os sexuais femininos], tanto que o lipedema aparece ou piora em fases espec\u00edficas da mulher, como puberdade, gesta\u00e7\u00e3o e menopausa\u201d, acrescentou.\n<\/p>\n<p>Tratamento<br \/>As especialidades que cuidam de pessoas com lipedema, segundo Paula Pires, s\u00e3o endocrinologista, cirurgi\u00e3o-vascular, nutricionista, fisioterapeuta e cirurgi\u00e3o-pl\u00e1stico. Ela ressaltou que ainda n\u00e3o h\u00e1 cura para a doen\u00e7a, mas h\u00e1 tratamento. \u201cEle consiste na mudan\u00e7a do estilo de vida, perda de peso, alimenta\u00e7\u00e3o saud\u00e1vel e exerc\u00edcios f\u00edsicos. Mas, um tratamento espec\u00edfico para o lipedema ainda n\u00e3o existe\u201d, declarou \u00e0 coluna.\n<\/p>\n<p>A endocrinologista comentou, ainda, que a cirurgia pl\u00e1stica com lipoaspira\u00e7\u00e3o \u00e9 uma das solu\u00e7\u00f5es mais efetivas. \u201cNo entanto, tem que ter uma indica\u00e7\u00e3o, um acompanhamento m\u00e9dico\u201d, enfatizou.\n<\/p>\n<p><strong>\u201cDieta, emagrecimento e mudan\u00e7a do estilo de vida melhoram os sintomas, como dor, roxos, sensa\u00e7\u00e3o de peso e mobilidade, mas n\u00e3o reduzem o volume\u201d, esclareceu a endocrinologista.<\/strong>\n<\/p>\n<p>Existem, tamb\u00e9m, ferramentas aliadas, conforme listou a m\u00e9dica, a exemplo da drenagem linf\u00e1tica, da fisioterapia, das meias el\u00e1sticas e das bombas pneum\u00e1ticas de compress\u00e3o (BCP).\n<\/p>\n<p>Fonte: Metr\u00f3poles              <\/p>\n<\/div>\n<p><br \/>\n<br \/><a href=\"https:\/\/diariodobrasilnoticias.com.br\/noticia\/qual-doenca-cronica-yasmin-brunet-esta-tratando-no-hospital-6725169c57e59\">Source link <\/a><\/p>","protected":false},"excerpt":{"rendered":"<p>Na \u00faltima quinta-feira (31\/10), Yasmin Brunet usou as redes sociais para desabafar sobre as recentes cr\u00edticas que recebeu sobre seu corpo. Enquanto era medicada em um hospital, a modelo e&hellip;<\/p>","protected":false},"author":1,"featured_media":53979,"comment_status":"closed","ping_status":"open","sticky":false,"template":"","format":"standard","meta":{"content-type":"","footnotes":""},"categories":[16],"tags":[123,2448,5313,1267],"class_list":["post-53978","post","type-post","status-publish","format-standard","has-post-thumbnail","hentry","category-noticias","tag-brasil","tag-diario","tag-noticia","tag-noticias"],"_links":{"self":[{"href":"https:\/\/tvbrazilusa.com\/pt\/wp-json\/wp\/v2\/posts\/53978","targetHints":{"allow":["GET"]}}],"collection":[{"href":"https:\/\/tvbrazilusa.com\/pt\/wp-json\/wp\/v2\/posts"}],"about":[{"href":"https:\/\/tvbrazilusa.com\/pt\/wp-json\/wp\/v2\/types\/post"}],"author":[{"embeddable":true,"href":"https:\/\/tvbrazilusa.com\/pt\/wp-json\/wp\/v2\/users\/1"}],"replies":[{"embeddable":true,"href":"https:\/\/tvbrazilusa.com\/pt\/wp-json\/wp\/v2\/comments?post=53978"}],"version-history":[{"count":1,"href":"https:\/\/tvbrazilusa.com\/pt\/wp-json\/wp\/v2\/posts\/53978\/revisions"}],"predecessor-version":[{"id":53980,"href":"https:\/\/tvbrazilusa.com\/pt\/wp-json\/wp\/v2\/posts\/53978\/revisions\/53980"}],"wp:featuredmedia":[{"embeddable":true,"href":"https:\/\/tvbrazilusa.com\/pt\/wp-json\/wp\/v2\/media\/53979"}],"wp:attachment":[{"href":"https:\/\/tvbrazilusa.com\/pt\/wp-json\/wp\/v2\/media?parent=53978"}],"wp:term":[{"taxonomy":"category","embeddable":true,"href":"https:\/\/tvbrazilusa.com\/pt\/wp-json\/wp\/v2\/categories?post=53978"},{"taxonomy":"post_tag","embeddable":true,"href":"https:\/\/tvbrazilusa.com\/pt\/wp-json\/wp\/v2\/tags?post=53978"}],"curies":[{"name":"wp","href":"https:\/\/api.w.org\/{rel}","templated":true}]}}