{"id":54005,"date":"2024-11-01T20:58:57","date_gmt":"2024-11-01T20:58:57","guid":{"rendered":"https:\/\/tvbrazilusa.com\/2024\/11\/01\/flavio-dino-alega-caracteristicas-depreciativas-em-livros-e-manda-retira-los-de-circulacao\/"},"modified":"2024-11-01T20:58:59","modified_gmt":"2024-11-01T20:58:59","slug":"flavio-dino-alega-caracteristicas-depreciativas-em-livros-e-manda-retira-los-de-circulacao","status":"publish","type":"post","link":"https:\/\/tvbrazilusa.com\/pt\/2024\/11\/01\/flavio-dino-alega-caracteristicas-depreciativas-em-livros-e-manda-retira-los-de-circulacao\/","title":{"rendered":"Fl\u00e1vio Dino alega \u2018caracter\u00edsticas depreciativas\u2019 em livros e manda retir\u00e1-los de circula\u00e7\u00e3o"},"content":{"rendered":"<p> <script async src=\"https:\/\/pagead2.googlesyndication.com\/pagead\/js\/adsbygoogle.js?client=ca-pub-8864793242727901\"\r\n     crossorigin=\"anonymous\"><\/script><br \/>\n<\/p>\n<div id=\"taboola-read-more\" style=\"display:block; width:100%\">\n<p>O ministro do Supremo Tribunal Federal (STF), Fl\u00e1vio Dino, tomou uma decis\u00e3o considerada controversa ao determinar, de forma monocr\u00e1tica, a retirada de circula\u00e7\u00e3o de livros jur\u00eddicos com conte\u00fados considerados degradantes contra a comunidade LGBTQIA+ e mulheres.\n<\/p>\n<p>A medida, anunciada nesta sexta-feira (1\u00ba), atendeu a um pedido do Minist\u00e9rio P\u00fablico Federal (MPF), que acionou a Justi\u00e7a ap\u00f3s den\u00fancias de conte\u00fado homof\u00f3bico e mis\u00f3gino nas obras. Os livros, publicados entre 2008 e 2009 pela editora Conceito Editorial, foram identificados por estudantes da Universidade Estadual de Londrina (PR) como contendo trechos ofensivos.<\/p>\n<p>Dino apontou que os trechos de quatro obras violam a dignidade humana, sustentando que a decis\u00e3o n\u00e3o caracteriza censura. Entre os conte\u00fados citados, havia classifica\u00e7\u00f5es de \u201chomossexualismo\u201d como \u201canomalia sexual\u201d e uma associa\u00e7\u00e3o supostamente preconceituosa entre HIV e homossexualidade, al\u00e9m de declara\u00e7\u00f5es pejorativas sobre mulheres. Em um dos trechos, o texto mencionava que algumas das \u201cmulheres mais lindas e gostosas\u201d seriam de \u201cuso exclusivo\u201d de certos homens, em uma descri\u00e7\u00e3o considerada degradante e discriminat\u00f3ria, conforme o magistrado.\n<\/p>\n<p>A decis\u00e3o de Dino responde a um recurso do MPF contra um entendimento anterior do Tribunal Regional Federal da 4\u00aa Regi\u00e3o (TRF-4), que havia negado a retirada das obras. Em sua senten\u00e7a, Dino permitiu a reedi\u00e7\u00e3o dos livros desde que os trechos ofensivos sejam removidos, alegando que a liberdade de express\u00e3o n\u00e3o \u00e9 um direito absoluto quando se configura o que ele chama de \u2018abuso\u2019.\n<\/p>\n<p>Para justificar a interven\u00e7\u00e3o, o ministro apontou dados do Grupo Gay da Bahia, citando que o Brasil registrou 257 mortes violentas de pessoas LGBTQIA+ em 2023, j\u00e1 sob o governo Lula, quando Dino era ministro da Justi\u00e7a, liderando o ranking global de viol\u00eancia homotransf\u00f3bica.\n<\/p>\n<p>Dino sublinhou que discrimina\u00e7\u00e3o motivada por identidade de g\u00eanero e orienta\u00e7\u00e3o sexual \u00e9 incompat\u00edvel com o Estado Democr\u00e1tico de Direito e representa uma afronta ao princ\u00edpio da dignidade humana. Na decis\u00e3o, afirmou ainda que a Constitui\u00e7\u00e3o prev\u00ea a responsabiliza\u00e7\u00e3o em casos de desrespeito \u00e0 dignidade, aplicando-se, neste caso, \u00e0s publica\u00e7\u00f5es que exp\u00f5em de forma degradante grupos minorit\u00e1rios, como a comunidade LGBTQIA+ e mulheres.\n<\/p>\n<p>Fonte: Conex\u00e3o Pol\u00edtica              <\/p>\n<\/div>\n<p><br \/>\n<br \/><a href=\"https:\/\/diariodobrasilnoticias.com.br\/noticia\/flavio-dino-alega-caracteristicas-depreciativas-em-livros-e-manda-retira-los-de-circulacao-672528620fbf5\">Source link <\/a><\/p>","protected":false},"excerpt":{"rendered":"<p>O ministro do Supremo Tribunal Federal (STF), Fl\u00e1vio Dino, tomou uma decis\u00e3o considerada controversa ao determinar, de forma monocr\u00e1tica, a retirada de circula\u00e7\u00e3o de livros jur\u00eddicos com conte\u00fados considerados degradantes&hellip;<\/p>","protected":false},"author":1,"featured_media":54006,"comment_status":"closed","ping_status":"open","sticky":false,"template":"","format":"standard","meta":{"content-type":"","footnotes":""},"categories":[16],"tags":[123,2448,5313,1267],"class_list":["post-54005","post","type-post","status-publish","format-standard","has-post-thumbnail","hentry","category-noticias","tag-brasil","tag-diario","tag-noticia","tag-noticias"],"_links":{"self":[{"href":"https:\/\/tvbrazilusa.com\/pt\/wp-json\/wp\/v2\/posts\/54005","targetHints":{"allow":["GET"]}}],"collection":[{"href":"https:\/\/tvbrazilusa.com\/pt\/wp-json\/wp\/v2\/posts"}],"about":[{"href":"https:\/\/tvbrazilusa.com\/pt\/wp-json\/wp\/v2\/types\/post"}],"author":[{"embeddable":true,"href":"https:\/\/tvbrazilusa.com\/pt\/wp-json\/wp\/v2\/users\/1"}],"replies":[{"embeddable":true,"href":"https:\/\/tvbrazilusa.com\/pt\/wp-json\/wp\/v2\/comments?post=54005"}],"version-history":[{"count":1,"href":"https:\/\/tvbrazilusa.com\/pt\/wp-json\/wp\/v2\/posts\/54005\/revisions"}],"predecessor-version":[{"id":54007,"href":"https:\/\/tvbrazilusa.com\/pt\/wp-json\/wp\/v2\/posts\/54005\/revisions\/54007"}],"wp:featuredmedia":[{"embeddable":true,"href":"https:\/\/tvbrazilusa.com\/pt\/wp-json\/wp\/v2\/media\/54006"}],"wp:attachment":[{"href":"https:\/\/tvbrazilusa.com\/pt\/wp-json\/wp\/v2\/media?parent=54005"}],"wp:term":[{"taxonomy":"category","embeddable":true,"href":"https:\/\/tvbrazilusa.com\/pt\/wp-json\/wp\/v2\/categories?post=54005"},{"taxonomy":"post_tag","embeddable":true,"href":"https:\/\/tvbrazilusa.com\/pt\/wp-json\/wp\/v2\/tags?post=54005"}],"curies":[{"name":"wp","href":"https:\/\/api.w.org\/{rel}","templated":true}]}}