{"id":54017,"date":"2024-11-01T21:53:04","date_gmt":"2024-11-01T21:53:04","guid":{"rendered":"https:\/\/tvbrazilusa.com\/2024\/11\/01\/a-modelo-caroline-francischini-publicou-um-video-nas-redes-sociais-em-que-aparece-sendo-agredida-pelo-proprio-irmao-veja-video\/"},"modified":"2024-11-01T21:53:05","modified_gmt":"2024-11-01T21:53:05","slug":"a-modelo-caroline-francischini-publicou-um-video-nas-redes-sociais-em-que-aparece-sendo-agredida-pelo-proprio-irmao-veja-video","status":"publish","type":"post","link":"https:\/\/tvbrazilusa.com\/pt\/2024\/11\/01\/a-modelo-caroline-francischini-publicou-um-video-nas-redes-sociais-em-que-aparece-sendo-agredida-pelo-proprio-irmao-veja-video\/","title":{"rendered":"A modelo Caroline Francischini publicou um v\u00eddeo nas redes sociais em que aparece sendo agredida pelo pr\u00f3prio irm\u00e3o; VEJA V\u00cdDEO"},"content":{"rendered":"<p> <script async src=\"https:\/\/pagead2.googlesyndication.com\/pagead\/js\/adsbygoogle.js?client=ca-pub-8864793242727901\"\r\n     crossorigin=\"anonymous\"><\/script><br \/>\n<br \/>Caroline tinha uma medida protetiva contra ele, mas o documento venceu e ela voltou a sofrer amea\u00e7as e agress\u00f5es.<br \/>\n<br \/><br \/>\n<br \/><a href=\"https:\/\/diariodobrasilnoticias.com.br\/noticia\/a-modelo-caroline-francischini-publicou-um-video-nas-redes-sociais-em-que-aparece-sendo-agredida-pelo-proprio-irmao-veja-video-67252b190142c\">Source link <\/a><\/p>","protected":false},"excerpt":{"rendered":"<p>Caroline tinha uma medida protetiva contra ele, mas o documento venceu e ela voltou a sofrer amea\u00e7as e agress\u00f5es. Source link<\/p>","protected":false},"author":1,"featured_media":54018,"comment_status":"closed","ping_status":"open","sticky":false,"template":"","format":"standard","meta":{"content-type":"","footnotes":""},"categories":[16],"tags":[123,2448,5313,1267],"class_list":["post-54017","post","type-post","status-publish","format-standard","has-post-thumbnail","hentry","category-noticias","tag-brasil","tag-diario","tag-noticia","tag-noticias"],"_links":{"self":[{"href":"https:\/\/tvbrazilusa.com\/pt\/wp-json\/wp\/v2\/posts\/54017","targetHints":{"allow":["GET"]}}],"collection":[{"href":"https:\/\/tvbrazilusa.com\/pt\/wp-json\/wp\/v2\/posts"}],"about":[{"href":"https:\/\/tvbrazilusa.com\/pt\/wp-json\/wp\/v2\/types\/post"}],"author":[{"embeddable":true,"href":"https:\/\/tvbrazilusa.com\/pt\/wp-json\/wp\/v2\/users\/1"}],"replies":[{"embeddable":true,"href":"https:\/\/tvbrazilusa.com\/pt\/wp-json\/wp\/v2\/comments?post=54017"}],"version-history":[{"count":1,"href":"https:\/\/tvbrazilusa.com\/pt\/wp-json\/wp\/v2\/posts\/54017\/revisions"}],"predecessor-version":[{"id":54019,"href":"https:\/\/tvbrazilusa.com\/pt\/wp-json\/wp\/v2\/posts\/54017\/revisions\/54019"}],"wp:featuredmedia":[{"embeddable":true,"href":"https:\/\/tvbrazilusa.com\/pt\/wp-json\/wp\/v2\/media\/54018"}],"wp:attachment":[{"href":"https:\/\/tvbrazilusa.com\/pt\/wp-json\/wp\/v2\/media?parent=54017"}],"wp:term":[{"taxonomy":"category","embeddable":true,"href":"https:\/\/tvbrazilusa.com\/pt\/wp-json\/wp\/v2\/categories?post=54017"},{"taxonomy":"post_tag","embeddable":true,"href":"https:\/\/tvbrazilusa.com\/pt\/wp-json\/wp\/v2\/tags?post=54017"}],"curies":[{"name":"wp","href":"https:\/\/api.w.org\/{rel}","templated":true}]}}