{"id":54038,"date":"2024-11-01T23:15:47","date_gmt":"2024-11-01T23:15:47","guid":{"rendered":"https:\/\/tvbrazilusa.com\/2024\/11\/01\/trump-processa-emissora-de-televisao-por-edicao-em-entrevista-com-kamala-harris\/"},"modified":"2024-11-01T23:15:48","modified_gmt":"2024-11-01T23:15:48","slug":"trump-processa-emissora-de-televisao-por-edicao-em-entrevista-com-kamala-harris","status":"publish","type":"post","link":"https:\/\/tvbrazilusa.com\/pt\/2024\/11\/01\/trump-processa-emissora-de-televisao-por-edicao-em-entrevista-com-kamala-harris\/","title":{"rendered":"Trump processa emissora de televis\u00e3o por edi\u00e7\u00e3o em entrevista com Kamala Harris"},"content":{"rendered":"<p> <script async src=\"https:\/\/pagead2.googlesyndication.com\/pagead\/js\/adsbygoogle.js?client=ca-pub-8864793242727901\"\r\n     crossorigin=\"anonymous\"><\/script><br \/>\n<\/p>\n<div id=\"taboola-read-more\" style=\"display:block; width:100%\">\n<p>O candidato republicano \u00e0 Presid\u00eancia dos Estados Unidos, Donald Trump, processou a emissora de televis\u00e3o CBS News por causa de uma edi\u00e7\u00e3o em uma entrevista com a vice-presidente e tamb\u00e9m candidata, Kamala Harris. O ex-presidente protocolou a a\u00e7\u00e3o nesta quinta-feira, 31, no Distrito Norte do Texas.\n<\/p>\n<p>Trump alegou que a CBS teria manipulado declara\u00e7\u00f5es cruciais da democrata sobre o conflito entre Israel e Hamas, no Oriente M\u00e9dio. O caso teria ocorrido no programa 60 Minutes, exibido no dia 6 de outubro de 2024. De acordo com o documento, Trump pede julgamento por j\u00fari e indeniza\u00e7\u00e3o de US$ 10 milh\u00f5es.<\/p>\n<p>A defesa do ex-presidente dos EUA afirmou que o programa cortou momentos em que Kamala hesitou em comentar das pol\u00edticas externas do governo Joe Biden.\n<\/p>\n<p>Em defesa, a CBS ressaltou a defesa da linha editorial da entrevista. Al\u00e9m disso, afirmou que as acusa\u00e7\u00f5es s\u00e3o infundadas.\n<\/p>\n<p>De acordo com a emissora, as edi\u00e7\u00f5es ocorreram apenas para adequar-se ao formato do programa e, assim, supostamente, preservar as declara\u00e7\u00f5es de Kamala Harris. Segundo a emissora, Trump teria recusado participar do programa.\n<\/p>\n<p>A Vara Federal do Distrito Norte do Texas \u00e9 respons\u00e1vel pelo andamento do caso. Em 2019, Donald Trump nomeou o magistrado da regi\u00e3o.\n<\/p>\n<p>Joe Biden, presidente dos Estados Unidos, chamou eleitores de Trump de \u2018lixo\u2019<br \/>Na \u00faltima ter\u00e7a-feira, 29, o presidente dos Estados Unidos, Joe Biden, chamou os eleitores de Donald Trump de lixo. O chefe do Executivo rebateu a piada do comediante Tony Hinchcliffe, que teria acusado a ilha de Porto Rico de ser um lixo flutuante, durante um com\u00edcio do republicano em Nova York.\n<\/p>\n<p>\u201cOutro dia um orador em com\u00edcio [de Trump] chamou Porto Rico de uma ilha flutuante de lixo, mas o \u00fanico lixo que vejo flutuando por ai s\u00e3o os apoiadores dele\u201d, declarou Biden, durante um evento do Voto Latino. \u201cA demoniza\u00e7\u00e3o dos latinos por parte dele \u00e9 inconceb\u00edvel e antiamericana.\u201d\n<\/p>\n<p>Em resposta, Donald Trump acusou o presidente e a vice de n\u00e3o serem aptos para liderar o pa\u00eds. O republicano afirmou que a declara\u00e7\u00e3o do democrata reflete a incapacidade de a dupla comandar o pa\u00eds.\n<\/p>\n<p>Fonte: Revista Oeste              <\/p>\n<\/div>\n<p><br \/>\n<br \/><a href=\"https:\/\/diariodobrasilnoticias.com.br\/noticia\/trump-processa-emissora-de-televisao-por-edicao-em-entrevista-com-kamala-harris-67253bbfd6621\">Source link <\/a><\/p>","protected":false},"excerpt":{"rendered":"<p>O candidato republicano \u00e0 Presid\u00eancia dos Estados Unidos, Donald Trump, processou a emissora de televis\u00e3o CBS News por causa de uma edi\u00e7\u00e3o em uma entrevista com a vice-presidente e tamb\u00e9m&hellip;<\/p>","protected":false},"author":1,"featured_media":54039,"comment_status":"closed","ping_status":"open","sticky":false,"template":"","format":"standard","meta":{"content-type":"","footnotes":""},"categories":[16],"tags":[123,2448,5313,1267],"class_list":["post-54038","post","type-post","status-publish","format-standard","has-post-thumbnail","hentry","category-noticias","tag-brasil","tag-diario","tag-noticia","tag-noticias"],"_links":{"self":[{"href":"https:\/\/tvbrazilusa.com\/pt\/wp-json\/wp\/v2\/posts\/54038","targetHints":{"allow":["GET"]}}],"collection":[{"href":"https:\/\/tvbrazilusa.com\/pt\/wp-json\/wp\/v2\/posts"}],"about":[{"href":"https:\/\/tvbrazilusa.com\/pt\/wp-json\/wp\/v2\/types\/post"}],"author":[{"embeddable":true,"href":"https:\/\/tvbrazilusa.com\/pt\/wp-json\/wp\/v2\/users\/1"}],"replies":[{"embeddable":true,"href":"https:\/\/tvbrazilusa.com\/pt\/wp-json\/wp\/v2\/comments?post=54038"}],"version-history":[{"count":1,"href":"https:\/\/tvbrazilusa.com\/pt\/wp-json\/wp\/v2\/posts\/54038\/revisions"}],"predecessor-version":[{"id":54040,"href":"https:\/\/tvbrazilusa.com\/pt\/wp-json\/wp\/v2\/posts\/54038\/revisions\/54040"}],"wp:featuredmedia":[{"embeddable":true,"href":"https:\/\/tvbrazilusa.com\/pt\/wp-json\/wp\/v2\/media\/54039"}],"wp:attachment":[{"href":"https:\/\/tvbrazilusa.com\/pt\/wp-json\/wp\/v2\/media?parent=54038"}],"wp:term":[{"taxonomy":"category","embeddable":true,"href":"https:\/\/tvbrazilusa.com\/pt\/wp-json\/wp\/v2\/categories?post=54038"},{"taxonomy":"post_tag","embeddable":true,"href":"https:\/\/tvbrazilusa.com\/pt\/wp-json\/wp\/v2\/tags?post=54038"}],"curies":[{"name":"wp","href":"https:\/\/api.w.org\/{rel}","templated":true}]}}