{"id":54041,"date":"2024-11-01T23:28:30","date_gmt":"2024-11-01T23:28:30","guid":{"rendered":"https:\/\/tvbrazilusa.com\/2024\/11\/01\/multinacional-registra-deficit-de-us-166-bilhoes-no-3-trimestre-o-pior-em-56-anos\/"},"modified":"2024-11-01T23:28:31","modified_gmt":"2024-11-01T23:28:31","slug":"multinacional-registra-deficit-de-us-166-bilhoes-no-3-trimestre-o-pior-em-56-anos","status":"publish","type":"post","link":"https:\/\/tvbrazilusa.com\/pt\/2024\/11\/01\/multinacional-registra-deficit-de-us-166-bilhoes-no-3-trimestre-o-pior-em-56-anos\/","title":{"rendered":"Multinacional registra d\u00e9ficit de US$ 16,6 bilh\u00f5es no 3\u00b0 trimestre, o pior em 56 anos"},"content":{"rendered":"<p> <script async src=\"https:\/\/pagead2.googlesyndication.com\/pagead\/js\/adsbygoogle.js?client=ca-pub-8864793242727901\"\r\n     crossorigin=\"anonymous\"><\/script><br \/>\n<\/p>\n<div id=\"taboola-read-more\" style=\"display:block; width:100%\">\n<p>A Intel anunciou, nesta quinta-feira, 31, sua maior perda trimestral em 56 anos. A fabricante de chips enfrenta desafios significativos para se recuperar no mercado.\n<\/p>\n<p>O d\u00e9ficit da companhia, com sede no Vale do Sil\u00edcio, foi de US$ 16,6 bilh\u00f5es no terceiro trimestre. Esse n\u00famero inclui US$ 15,9 bilh\u00f5es em encargos para ajustar a avalia\u00e7\u00e3o de ativos e aproximadamente US$ 3 bilh\u00f5es para reestrutura\u00e7\u00e3o, em virtude do corte de mais de 15 mil funcion\u00e1rios.<\/p>\n<p>Em agosto, o CEO da empresa, Pat Gelsinger, ordenou uma reestrutura\u00e7\u00e3o para enfrentar margens de lucro reduzidas, custos para alcan\u00e7ar concorrentes em tecnologia de fabrica\u00e7\u00e3o e fraco desempenho em chips de intelig\u00eancia artificial.\n<\/p>\n<p>As a\u00e7\u00f5es da Intel ca\u00edram 60% desde que Gelsinger assumiu o cargo, em fevereiro de 2021. Com um valor de mercado inferior a US$ 100 bilh\u00f5es, a empresa tem sido mencionada em discuss\u00f5es sobre poss\u00edvel venda ou fus\u00e3o.\n<\/p>\n<p>\u201cEstamos agindo com urg\u00eancia para cumprir nossas prioridades\u201d, disse Gelsinger, durante teleconfer\u00eancia com analistas, na quinta-feira. \u201cPrecisamos lutar por cada cent\u00edmetro e executar melhor do que nunca.\u201d\n<\/p>\n<p>O d\u00e9ficit da empresa<br \/>A receita da Intel no terceiro trimestre caiu 6%, em compara\u00e7\u00e3o ao mesmo per\u00edodo do ano anterior, totalizando US$ 13,3 bilh\u00f5es. A queda porcentual foi maior do que no segundo trimestre.\n<\/p>\n<p>Resultados e previs\u00f5es trimestrais surpreenderam alguns analistas, de maneira a fazer as a\u00e7\u00f5es da Intel subirem mais de 12% no p\u00f3s-mercado da quinta-feira.\n<\/p>\n<p>Embora tenha se beneficiado de uma demanda crescente por computadores pessoais, esse setor caiu 7% no terceiro trimestre.\n<\/p>\n<p>No setor de data centers, a Intel enfrenta desafios, especialmente com o crescimento de concorrentes como Nvidia e AMD em chips para intelig\u00eancia artificial. Mesmo assim, a receita dos data centers da Intel aumentou 9% no \u00faltimo trimestre.\n<\/p>\n<p>Outro desafio para a Intel \u00e9 seu novo esfor\u00e7o para fabricar chips para outras empresas \u2014 uma mudan\u00e7a de estrat\u00e9gia que ajudou a buscar subs\u00eddios do governo Joe Biden.\n<\/p>\n<p>Os novos parceiros da Intel<br \/>A Intel j\u00e1 fechou contratos com empresas como a Amazon. Gelsinger mencionou que duas empresas de computa\u00e7\u00e3o concordaram em usar o processo avan\u00e7ado de produ\u00e7\u00e3o da fundi\u00e7\u00e3o. Contudo, a venda de chips caiu 8% na receita do terceiro trimestre, com perda operacional de US$ 5,8 bilh\u00f5es.\n<\/p>\n<p>Quatro ex-diretores sugeriram dividir a Intel em duas: uma para fabrica\u00e7\u00e3o, outra para design. Eles acreditam que concorrentes seriam mais propensos a usar a fundi\u00e7\u00e3o se esta fosse independente.\n<\/p>\n<p>Craig Barrett, ex-CEO, rejeitou a ideia. Ele alega que dividir a empresa distrairia a administra\u00e7\u00e3o sem melhorar o apelo da fundi\u00e7\u00e3o.\n<\/p>\n<p>Gelsinger planeja tornar a fundi\u00e7\u00e3o da Intel uma subsidi\u00e1ria independente, mas argumenta que uma separa\u00e7\u00e3o completa n\u00e3o \u00e9 vi\u00e1vel agora, pois a fundi\u00e7\u00e3o precisa de neg\u00f3cios garantidos da pr\u00f3pria Intel.\n<\/p>\n<p>A Intel j\u00e1 utiliza a TSMC para fabricar alguns chips, e analistas sugerem que poderia aumentar essas parcerias se fosse independente.\n<\/p>\n<p>O investimento cont\u00ednuo em equipamentos e pesquisa \u00e9 um desafio para a fundi\u00e7\u00e3o, que pode ter dificuldades em garantir financiamento.\n<\/p>\n<p>Fonte: Revista Oeste              <\/p>\n<\/div>\n<p><br \/>\n<br \/><a href=\"https:\/\/diariodobrasilnoticias.com.br\/noticia\/multinacional-registra-deficit-de-us-16-6-bilhoes-no-3-trimestre-o-pior-em-56-anos-67253b3179048\">Source link <\/a><\/p>","protected":false},"excerpt":{"rendered":"<p>A Intel anunciou, nesta quinta-feira, 31, sua maior perda trimestral em 56 anos. A fabricante de chips enfrenta desafios significativos para se recuperar no mercado. O d\u00e9ficit da companhia, com&hellip;<\/p>","protected":false},"author":1,"featured_media":54042,"comment_status":"closed","ping_status":"open","sticky":false,"template":"","format":"standard","meta":{"content-type":"","footnotes":""},"categories":[16],"tags":[123,2448,5313,1267],"class_list":["post-54041","post","type-post","status-publish","format-standard","has-post-thumbnail","hentry","category-noticias","tag-brasil","tag-diario","tag-noticia","tag-noticias"],"_links":{"self":[{"href":"https:\/\/tvbrazilusa.com\/pt\/wp-json\/wp\/v2\/posts\/54041","targetHints":{"allow":["GET"]}}],"collection":[{"href":"https:\/\/tvbrazilusa.com\/pt\/wp-json\/wp\/v2\/posts"}],"about":[{"href":"https:\/\/tvbrazilusa.com\/pt\/wp-json\/wp\/v2\/types\/post"}],"author":[{"embeddable":true,"href":"https:\/\/tvbrazilusa.com\/pt\/wp-json\/wp\/v2\/users\/1"}],"replies":[{"embeddable":true,"href":"https:\/\/tvbrazilusa.com\/pt\/wp-json\/wp\/v2\/comments?post=54041"}],"version-history":[{"count":1,"href":"https:\/\/tvbrazilusa.com\/pt\/wp-json\/wp\/v2\/posts\/54041\/revisions"}],"predecessor-version":[{"id":54043,"href":"https:\/\/tvbrazilusa.com\/pt\/wp-json\/wp\/v2\/posts\/54041\/revisions\/54043"}],"wp:featuredmedia":[{"embeddable":true,"href":"https:\/\/tvbrazilusa.com\/pt\/wp-json\/wp\/v2\/media\/54042"}],"wp:attachment":[{"href":"https:\/\/tvbrazilusa.com\/pt\/wp-json\/wp\/v2\/media?parent=54041"}],"wp:term":[{"taxonomy":"category","embeddable":true,"href":"https:\/\/tvbrazilusa.com\/pt\/wp-json\/wp\/v2\/categories?post=54041"},{"taxonomy":"post_tag","embeddable":true,"href":"https:\/\/tvbrazilusa.com\/pt\/wp-json\/wp\/v2\/tags?post=54041"}],"curies":[{"name":"wp","href":"https:\/\/api.w.org\/{rel}","templated":true}]}}