{"id":54052,"date":"2024-11-02T00:11:25","date_gmt":"2024-11-02T00:11:25","guid":{"rendered":"https:\/\/tvbrazilusa.com\/2024\/11\/02\/obras-de-andy-warhol-sao-roubadas-e-danificadas-em-assalto-amador\/"},"modified":"2024-11-02T00:11:26","modified_gmt":"2024-11-02T00:11:26","slug":"obras-de-andy-warhol-sao-roubadas-e-danificadas-em-assalto-amador","status":"publish","type":"post","link":"https:\/\/tvbrazilusa.com\/pt\/2024\/11\/02\/obras-de-andy-warhol-sao-roubadas-e-danificadas-em-assalto-amador\/","title":{"rendered":"Obras de Andy Warhol s\u00e3o roubadas e danificadas em assalto \u2018amador\u2019"},"content":{"rendered":"<p> <script async src=\"https:\/\/pagead2.googlesyndication.com\/pagead\/js\/adsbygoogle.js?client=ca-pub-8864793242727901\"\r\n     crossorigin=\"anonymous\"><\/script><br \/>\n<\/p>\n<div id=\"taboola-read-more\" style=\"display:block; width:100%\">\n<p>Duas obras de Andy Warhol foram roubadas e outras duas abandonadas durante um assalto \u201camador\u201d a uma galeria de arte no sul da Holanda nesta sexta-feira, 1\u00ba de novembro. Os ladr\u00f5es usaram explosivos para arrombar a porta da galeria MPV na tentativa de levar quatro gravuras da ic\u00f4nica s\u00e9rie s\u00e9rie \u201cReigning Queens\u201d, danificando todas as obras e conseguindo fugir com apenas duas.\n<\/p>\n<p>O propriet\u00e1rio da galeria, Mark Peet Visser, descreveu o ataque como amador e violento. O incidente deixou n\u00e3o s\u00f3 as obras danificadas, mas tamb\u00e9m causou estragos \u00e0 estrutura do pr\u00e9dio e lojas vizinhas.<\/p>\n<p>\u201cO ataque foi t\u00e3o violento que meu pr\u00e9dio inteiro foi danificado\u201d, disse ao jornal brit\u00e2nico The Guardian. Ele acrescentou que os ladr\u00f5es n\u00e3o conseguiram levar todas as obras pois n\u00e3o cabiam no carro.\n<\/p>\n<p>As duas obras que foram levadas ficaram danificadas ao serem arrancadas de suas molduras, e as outras duas foram deixadas na rua, igualmente danificadas. Visser, que tinha planos de vender as gravuras como um conjunto em uma feira de arte em Amsterd\u00e3, n\u00e3o revelou o valor estimado das obras.\n<\/p>\n<p>As gravuras que conseguiram ser levadas representam a falecida rainha Elizabeth II e a rainha Margrethe II, da Dinamarca, enquanto as obras da ex-rainha Beatrix, da Holanda, e da rainha de Eswatini foram deixadas para tr\u00e1s. Investigadores buscam testemunhas e analisam as circunst\u00e2ncias do assalto.\n<\/p>\n<p>Detetives de arte, incluindo Arthur Brand, conhecido por recuperar obras valiosas, expressaram surpresa pelo uso de explosivos durante o roubo. \u201c\u00c9 incomum que explosivos sejam usados em roubos de arte\u201d, comentou Brand, enquanto as investiga\u00e7\u00f5es prosseguem.\n<\/p>\n<p>Fonte: Veja              <\/p>\n<\/div>\n<p><br \/>\n<br \/><a href=\"https:\/\/diariodobrasilnoticias.com.br\/noticia\/obras-de-andy-warhol-sao-roubadas-e-danificadas-em-assalto-amador-67254c5e16689\">Source link <\/a><\/p>","protected":false},"excerpt":{"rendered":"<p>Duas obras de Andy Warhol foram roubadas e outras duas abandonadas durante um assalto \u201camador\u201d a uma galeria de arte no sul da Holanda nesta sexta-feira, 1\u00ba de novembro. Os&hellip;<\/p>","protected":false},"author":1,"featured_media":54053,"comment_status":"closed","ping_status":"open","sticky":false,"template":"","format":"standard","meta":{"content-type":"","footnotes":""},"categories":[16],"tags":[123,2448,5313,1267],"class_list":["post-54052","post","type-post","status-publish","format-standard","has-post-thumbnail","hentry","category-noticias","tag-brasil","tag-diario","tag-noticia","tag-noticias"],"_links":{"self":[{"href":"https:\/\/tvbrazilusa.com\/pt\/wp-json\/wp\/v2\/posts\/54052","targetHints":{"allow":["GET"]}}],"collection":[{"href":"https:\/\/tvbrazilusa.com\/pt\/wp-json\/wp\/v2\/posts"}],"about":[{"href":"https:\/\/tvbrazilusa.com\/pt\/wp-json\/wp\/v2\/types\/post"}],"author":[{"embeddable":true,"href":"https:\/\/tvbrazilusa.com\/pt\/wp-json\/wp\/v2\/users\/1"}],"replies":[{"embeddable":true,"href":"https:\/\/tvbrazilusa.com\/pt\/wp-json\/wp\/v2\/comments?post=54052"}],"version-history":[{"count":1,"href":"https:\/\/tvbrazilusa.com\/pt\/wp-json\/wp\/v2\/posts\/54052\/revisions"}],"predecessor-version":[{"id":54054,"href":"https:\/\/tvbrazilusa.com\/pt\/wp-json\/wp\/v2\/posts\/54052\/revisions\/54054"}],"wp:featuredmedia":[{"embeddable":true,"href":"https:\/\/tvbrazilusa.com\/pt\/wp-json\/wp\/v2\/media\/54053"}],"wp:attachment":[{"href":"https:\/\/tvbrazilusa.com\/pt\/wp-json\/wp\/v2\/media?parent=54052"}],"wp:term":[{"taxonomy":"category","embeddable":true,"href":"https:\/\/tvbrazilusa.com\/pt\/wp-json\/wp\/v2\/categories?post=54052"},{"taxonomy":"post_tag","embeddable":true,"href":"https:\/\/tvbrazilusa.com\/pt\/wp-json\/wp\/v2\/tags?post=54052"}],"curies":[{"name":"wp","href":"https:\/\/api.w.org\/{rel}","templated":true}]}}