{"id":54055,"date":"2024-11-02T00:24:17","date_gmt":"2024-11-02T00:24:17","guid":{"rendered":"https:\/\/tvbrazilusa.com\/2024\/11\/02\/urgente-apoiadores-de-evo-morales-ocupam-unidades-militares\/"},"modified":"2024-11-02T00:24:18","modified_gmt":"2024-11-02T00:24:18","slug":"urgente-apoiadores-de-evo-morales-ocupam-unidades-militares","status":"publish","type":"post","link":"https:\/\/tvbrazilusa.com\/pt\/2024\/11\/02\/urgente-apoiadores-de-evo-morales-ocupam-unidades-militares\/","title":{"rendered":"URGENTE: Apoiadores de Evo Morales ocupam unidades militares"},"content":{"rendered":"<p> <script async src=\"https:\/\/pagead2.googlesyndication.com\/pagead\/js\/adsbygoogle.js?client=ca-pub-8864793242727901\"\r\n     crossorigin=\"anonymous\"><\/script><br \/>\n<\/p>\n<div>\n<figure class=\"post-image\">\n<\/figure>\n<p>            <span style=\"font-size: 12px\">Foto: Claudia Morales\/Reuters<\/span><\/p>\n<p>            <!-- end metas --><br \/>\n            <!-- ADS --><\/p>\n<div id=\"taboola-read-more\" style=\"display:block; width:100%\">\n<p>As For\u00e7as Armadas da Bol\u00edvia confirmaram a invas\u00e3o de quart\u00e9is por grupos armados que, segundo informa\u00e7\u00f5es, s\u00e3o apoiadores do ex-presidente Evo Morales.<\/p>\n<p>Os incidentes resultaram na captura de ao menos 20 soldados como ref\u00e9ns, al\u00e9m do roubo de armamentos e muni\u00e7\u00f5es de um Regimento do Ex\u00e9rcito. O comando militar classificou as a\u00e7\u00f5es como uma trai\u00e7\u00e3o \u00e0 p\u00e1tria.<\/p>\n<p>A invas\u00e3o n\u00e3o se limitou aos quart\u00e9is: uma base naval tamb\u00e9m foi atacada. Essas ocupa\u00e7\u00f5es ocorrem em um contexto de crescente tens\u00e3o pol\u00edtica, em resposta \u00e0s opera\u00e7\u00f5es do governo de Luis Arce, antigo aliado de Morales, que visa desmantelar bloqueios promovidos por apoiadores do ex-presidente. Esses protestos surgem em meio a uma crise de confian\u00e7a, gerada por investiga\u00e7\u00f5es contra Morales, que enfrenta acusa\u00e7\u00f5es de rela\u00e7\u00f5es sexuais com uma menor de idade.<\/p>\n<p>No \u00faltimo fim de semana, Evo Morales afirmou que o governo est\u00e1 tentando mat\u00e1-lo, enquanto as autoridades bolivianas descreveram a situa\u00e7\u00e3o como um \u201cteatro\u201d armado pelo ex-presidente para desviar a aten\u00e7\u00e3o dos problemas que enfrenta.\n<\/p>\n<p>Fonte: @bandnewstv<\/p>\n<\/p><\/div>\n<p>                        <!-- Scripts para conteudo --><\/p>\n<p>            <!-- .\/Scripts para conteudo --><br \/>\n            <!-- .\/Mat\u00e9ria --><\/p>\n<div class=\"row mt-3\">\n<div class=\"col-sm-6\">\n                <!-- Whatsapp channel 3--><br \/>\n                <a href=\"https:\/\/chat.whatsapp.com\/J6hwSKYns5B0XFowx2wZ0P\" target=\"_blank\" rel=\"noopener\"><br \/>\n                  <img decoding=\"async\" src=\"https:\/\/diariodobrasilnoticias.com.br\/assets-site\/images\/bot_whatsapp.png\"\/><\/a>\n              <\/div>\n<div class=\"col-sm-6\">\n                <a href=\"https:\/\/t.me\/+_4gTmi5LKo03OTM5\" target=\"_blank\" rel=\"noopener\"><br \/>\n                  <img decoding=\"async\" src=\"https:\/\/diariodobrasilnoticias.com.br\/assets-site\/images\/bot_telegram.png\"\/><\/a>\n              <\/div>\n<\/p><\/div>\n<p>            <!-- end post-navigation --><\/p>\n<p>              <!-- end row --><\/p>\n<p>              <!-- end col-12-->\n                      <\/div>\n<p><br \/>\n<br \/><a href=\"https:\/\/diariodobrasilnoticias.com.br\/noticia\/urgente-apoiadores-de-evo-morales-ocupam-unidades-militares-67255d0f12898\">Source link <\/a><\/p>","protected":false},"excerpt":{"rendered":"<p>Foto: Claudia Morales\/Reuters As For\u00e7as Armadas da Bol\u00edvia confirmaram a invas\u00e3o de quart\u00e9is por grupos armados que, segundo informa\u00e7\u00f5es, s\u00e3o apoiadores do ex-presidente Evo Morales. Os incidentes resultaram na captura&hellip;<\/p>","protected":false},"author":1,"featured_media":54056,"comment_status":"closed","ping_status":"open","sticky":false,"template":"","format":"standard","meta":{"content-type":"","footnotes":""},"categories":[16],"tags":[123,2448,5313,1267],"class_list":["post-54055","post","type-post","status-publish","format-standard","has-post-thumbnail","hentry","category-noticias","tag-brasil","tag-diario","tag-noticia","tag-noticias"],"_links":{"self":[{"href":"https:\/\/tvbrazilusa.com\/pt\/wp-json\/wp\/v2\/posts\/54055","targetHints":{"allow":["GET"]}}],"collection":[{"href":"https:\/\/tvbrazilusa.com\/pt\/wp-json\/wp\/v2\/posts"}],"about":[{"href":"https:\/\/tvbrazilusa.com\/pt\/wp-json\/wp\/v2\/types\/post"}],"author":[{"embeddable":true,"href":"https:\/\/tvbrazilusa.com\/pt\/wp-json\/wp\/v2\/users\/1"}],"replies":[{"embeddable":true,"href":"https:\/\/tvbrazilusa.com\/pt\/wp-json\/wp\/v2\/comments?post=54055"}],"version-history":[{"count":1,"href":"https:\/\/tvbrazilusa.com\/pt\/wp-json\/wp\/v2\/posts\/54055\/revisions"}],"predecessor-version":[{"id":54057,"href":"https:\/\/tvbrazilusa.com\/pt\/wp-json\/wp\/v2\/posts\/54055\/revisions\/54057"}],"wp:featuredmedia":[{"embeddable":true,"href":"https:\/\/tvbrazilusa.com\/pt\/wp-json\/wp\/v2\/media\/54056"}],"wp:attachment":[{"href":"https:\/\/tvbrazilusa.com\/pt\/wp-json\/wp\/v2\/media?parent=54055"}],"wp:term":[{"taxonomy":"category","embeddable":true,"href":"https:\/\/tvbrazilusa.com\/pt\/wp-json\/wp\/v2\/categories?post=54055"},{"taxonomy":"post_tag","embeddable":true,"href":"https:\/\/tvbrazilusa.com\/pt\/wp-json\/wp\/v2\/tags?post=54055"}],"curies":[{"name":"wp","href":"https:\/\/api.w.org\/{rel}","templated":true}]}}