{"id":54207,"date":"2024-11-02T15:56:50","date_gmt":"2024-11-02T15:56:50","guid":{"rendered":"https:\/\/tvbrazilusa.com\/2024\/11\/02\/governo-da-espanha-mobiliza-mais-de-5-mil-soldados-para-ajudar-valencia-apos-enchentes-211-pessoas-morreram\/"},"modified":"2024-11-02T15:56:51","modified_gmt":"2024-11-02T15:56:51","slug":"governo-da-espanha-mobiliza-mais-de-5-mil-soldados-para-ajudar-valencia-apos-enchentes-211-pessoas-morreram","status":"publish","type":"post","link":"https:\/\/tvbrazilusa.com\/pt\/2024\/11\/02\/governo-da-espanha-mobiliza-mais-de-5-mil-soldados-para-ajudar-valencia-apos-enchentes-211-pessoas-morreram\/","title":{"rendered":"Governo da Espanha mobiliza mais de 5 mil soldados para ajudar Val\u00eancia ap\u00f3s enchentes; 211 pessoas morreram"},"content":{"rendered":"<p> <script async src=\"https:\/\/pagead2.googlesyndication.com\/pagead\/js\/adsbygoogle.js?client=ca-pub-8864793242727901\"\r\n     crossorigin=\"anonymous\"><\/script><br \/>\n<\/p>\n<div data-block-type=\"unstyled\" data-block-weight=\"31\" data-block-id=\"8\">\n<p class=\"content-text__container\" data-track-category=\"Link no Texto\" data-track-links=\"\" data-mrf-recirculation=\"Artigo - Links Texto\">Ao mesmo tempo, milhares de volunt\u00e1rios est\u00e3o chegaram \u00e0 cidade nesta sexta com rodos e alimentos para ajudar a popula\u00e7\u00e3o local nos trabalhos de limpeza e a se recuperar das enchentes.\n<\/p>\n<p>O ministro dos Transportes e da Mobilidade espanhol, \u00d3scar Puente, disse que cerca de 80 km de rodovias no leste do pa\u00eds est\u00e3o seriamente danificadas ou bloqueadas, muitas delas por carros abandonados.\n<\/p>\n<p>As enchentes, provocadas por chuvas torrenciais, deixaram um rastro de destrui\u00e7\u00e3o, e exigiram esfor\u00e7os de resgate para atender a popula\u00e7\u00e3o afetada em diversos munic\u00edpios no leste do pa\u00eds. A for\u00e7a das \u00e1guas arrastou carros e transformou ruas de vilarejos em rios. Ve\u00edculos destru\u00eddos ficaram empilhados, fios de energia ca\u00edram e m\u00f3veis dom\u00e9sticos ficaram atolados em uma camada de lama pelas ruas.\n<\/p>\n<p><strong>Enchente foi a mais poderosa<\/strong>\n<\/p>\n<p>Na Espanha, autoridades afirmaram que a enchente foi a pior trag\u00e9dia ambiental do s\u00e9culo no pa\u00eds. Em apenas oito horas, choveu o esperado para o ano inteiro na regi\u00e3o afetada.\n<\/p>\n<p>A costa mediterr\u00e2nea da Espanha, onde a cidade de Val\u00eancia est\u00e1 localizada, est\u00e1 acostumada a tempestades de outono que podem causar enchentes, mas esta foi a mais poderosa a atingir a regi\u00e3o neste s\u00e9culo.\n<\/p>\n<p>Cientistas relacionam o evento \u00e0s mudan\u00e7as clim\u00e1ticas, que aumentaram a temperatura do mar Mediterr\u00e2neo.\n<\/p>\n<p><strong>Queixas de demora no envio de alertas<\/strong>\n<\/p>\n<p>Passada a calamidade inicial, o governo da Espanha vem sendo alvo de uma onda de cr\u00edticas sobre a demora no envio de alertas pela enchente. Moradores locais relataram que esse alerta s\u00f3 foi enviado por volta das 20h no hor\u00e1rio local, quando a \u00e1gua j\u00e1 arrastava carros por ruas da cidade.\n<\/p>\n<p>Em declara\u00e7\u00e3o na quinta-feira, o primeiro-ministro espanhol, Pedro S\u00e1nchez, disse que a tempestade ainda n\u00e3o acabou, pediu para as pessoas n\u00e3o sa\u00edrem de casa e para ouvirem as recomenda\u00e7\u00f5es dos servi\u00e7os de emerg\u00eancia.\n<\/p>\n<p>Fonte: g1\n<\/p>\n<\/div>\n<p><br \/>\n<br \/><a href=\"https:\/\/diariodobrasilnoticias.com.br\/noticia\/governo-da-espanha-mobiliza-mais-de-5-mil-soldados-para-ajudar-valencia-apos-enchentes-211-pessoas-morreram-67262fa3d689b\">Source link <\/a><\/p>","protected":false},"excerpt":{"rendered":"<p>Ao mesmo tempo, milhares de volunt\u00e1rios est\u00e3o chegaram \u00e0 cidade nesta sexta com rodos e alimentos para ajudar a popula\u00e7\u00e3o local nos trabalhos de limpeza e a se recuperar das&hellip;<\/p>","protected":false},"author":1,"featured_media":54208,"comment_status":"closed","ping_status":"open","sticky":false,"template":"","format":"standard","meta":{"content-type":"","footnotes":""},"categories":[16],"tags":[123,2448,5313,1267],"class_list":["post-54207","post","type-post","status-publish","format-standard","has-post-thumbnail","hentry","category-noticias","tag-brasil","tag-diario","tag-noticia","tag-noticias"],"_links":{"self":[{"href":"https:\/\/tvbrazilusa.com\/pt\/wp-json\/wp\/v2\/posts\/54207","targetHints":{"allow":["GET"]}}],"collection":[{"href":"https:\/\/tvbrazilusa.com\/pt\/wp-json\/wp\/v2\/posts"}],"about":[{"href":"https:\/\/tvbrazilusa.com\/pt\/wp-json\/wp\/v2\/types\/post"}],"author":[{"embeddable":true,"href":"https:\/\/tvbrazilusa.com\/pt\/wp-json\/wp\/v2\/users\/1"}],"replies":[{"embeddable":true,"href":"https:\/\/tvbrazilusa.com\/pt\/wp-json\/wp\/v2\/comments?post=54207"}],"version-history":[{"count":1,"href":"https:\/\/tvbrazilusa.com\/pt\/wp-json\/wp\/v2\/posts\/54207\/revisions"}],"predecessor-version":[{"id":54209,"href":"https:\/\/tvbrazilusa.com\/pt\/wp-json\/wp\/v2\/posts\/54207\/revisions\/54209"}],"wp:featuredmedia":[{"embeddable":true,"href":"https:\/\/tvbrazilusa.com\/pt\/wp-json\/wp\/v2\/media\/54208"}],"wp:attachment":[{"href":"https:\/\/tvbrazilusa.com\/pt\/wp-json\/wp\/v2\/media?parent=54207"}],"wp:term":[{"taxonomy":"category","embeddable":true,"href":"https:\/\/tvbrazilusa.com\/pt\/wp-json\/wp\/v2\/categories?post=54207"},{"taxonomy":"post_tag","embeddable":true,"href":"https:\/\/tvbrazilusa.com\/pt\/wp-json\/wp\/v2\/tags?post=54207"}],"curies":[{"name":"wp","href":"https:\/\/api.w.org\/{rel}","templated":true}]}}