{"id":54213,"date":"2024-11-02T16:25:47","date_gmt":"2024-11-02T16:25:47","guid":{"rendered":"https:\/\/tvbrazilusa.com\/2024\/11\/02\/enem-2024-saiba-quais-sao-os-erros-mais-comuns-na-redacao\/"},"modified":"2024-11-02T16:25:50","modified_gmt":"2024-11-02T16:25:50","slug":"enem-2024-saiba-quais-sao-os-erros-mais-comuns-na-redacao","status":"publish","type":"post","link":"https:\/\/tvbrazilusa.com\/pt\/2024\/11\/02\/enem-2024-saiba-quais-sao-os-erros-mais-comuns-na-redacao\/","title":{"rendered":"ENEM 2024: Saiba quais s\u00e3o os erros mais comuns na reda\u00e7\u00e3o"},"content":{"rendered":"<p> <script async src=\"https:\/\/pagead2.googlesyndication.com\/pagead\/js\/adsbygoogle.js?client=ca-pub-8864793242727901\"\r\n     crossorigin=\"anonymous\"><\/script><br \/>\n<\/p>\n<div id=\"taboola-read-more\" style=\"display:block; width:100%\">\n<p>O peso que ela tem na nota do Enem e as dificuldades de muitos alunos com a escrita fazem com que a reda\u00e7\u00e3o seja uma das partes mais temidas pelos estudantes que se preparam para o primeiro dia do Exame Nacional do Ensino M\u00e9dio, marcado para o dia 3 de novembro.\n<\/p>\n<p>Em linhas gerais, \u00e9 bom lembrar que ela \u00e9 avaliada sob cinco compet\u00eancias, cada uma valendo de zero a 200 pontos: dom\u00ednio da escrita formal; compreens\u00e3o e desenvolvimento da proposta (tema); saber selecionar, relacionar, organizar e interpretar argumentos, informa\u00e7\u00f5es e opini\u00f5es na defesa de um ponto de vista; demonstrar ter conhecimento dos mecanismos lingu\u00edsticos para construir uma argumenta\u00e7\u00e3o; e saber elaborar uma proposta de interven\u00e7\u00e3o (conclus\u00e3o) para o problema abordado no tema, sempre respeitando os direitos humanos.<\/p>\n<p>A BBC News Brasil conversou com tr\u00eas pessoas que corrigem simulados de reda\u00e7\u00e3o em cursinhos e projetos preparat\u00f3rios voltados a jovens de escolas p\u00fablicas, e ouviu deles quais s\u00e3o os erros comuns de estrutura (para al\u00e9m de erros de ortografia, gram\u00e1tica e pontua\u00e7\u00e3o) que levam \u00e0 perda de pontos nos textos.\n<\/p>\n<p>Veja, tamb\u00e9m, algumas precau\u00e7\u00f5es para ajudar na escrita de uma reda\u00e7\u00e3o que alcance a nota mil.\n<\/p>\n<p><strong>Erro 1: N\u00e3o construir uma linha de argumenta\u00e7\u00e3o<\/strong>\n<\/p>\n<p>\u00c9 muito comum que as reda\u00e7\u00f5es se &#8220;percam&#8221; ao longo do texto, sem seguir a linha exigida pelo Enem \u2014 de introdu\u00e7\u00e3o, desenvolvimento do texto e conclus\u00e3o, diz Eva Albuquerque, professora de reda\u00e7\u00e3o do Cursinho da Poli, em S\u00e3o Paulo.\n<\/p>\n<p>Nesses casos, falta o que ela chama de um &#8220;projeto de texto&#8221;: o aluno n\u00e3o tem claro como vai abordar o tema, quais argumentos vai usar e qual proposta de interven\u00e7\u00e3o (ou seja, como acha que o problema precisa ser atacado).\n<\/p>\n<p>Como se precaver: Primeiro, lembre-se de que a reda\u00e7\u00e3o tem que ter come\u00e7o, meio e fim, interconectados entre si \u2014- em outras palavras, uma introdu\u00e7\u00e3o que apresente uma tese bem elaborada, uma boa argumenta\u00e7\u00e3o com dados factuais e refer\u00eancias, e uma conclus\u00e3o, embasada pelos dados apresentados no pr\u00f3prio texto, diz Fabiano Gon\u00e7alves, gerente de opera\u00e7\u00f5es educacionais do Instituto Proa.\n<\/p>\n<p>Eva Albuquerque sugere tamb\u00e9m dedicar alguns minutos, antes mesmo de come\u00e7ar o rascunho, a planejar o esqueleto de seu texto \u2014 assim como um arquiteto planeja a casa que vai construir: como vou entrar no tema? Quais meus argumentos principais e secund\u00e1rios? Qual vai ser a minha conclus\u00e3o?\n<\/p>\n<p>Uma grande dificuldade dos jovens \u00e9 justamente ter repert\u00f3rio para construir uma boa argumenta\u00e7\u00e3o, interpretar dados e colocar informa\u00e7\u00f5es em contexto, afirma Fabiano Gon\u00e7alves.\n<\/p>\n<p>Esse repert\u00f3rio vem de nossas experi\u00eancias pessoais e culturais: os livros que lemos, filmes, passeios em museus, not\u00edcias que acompanhamos, os debates que temos com os amigos, familiares e professores. E, tamb\u00e9m, nossos conhecimentos das demais disciplinas, como hist\u00f3ria, geografia e at\u00e9 mesmo a matem\u00e1tica.\n<\/p>\n<p>Quanto mais o jovem tiver dessa &#8220;bagagem&#8221;, mais f\u00e1cil vai ser acessar informa\u00e7\u00f5es na cabe\u00e7a para construir uma argumenta\u00e7\u00e3o coerente e relevante na reda\u00e7\u00e3o do Enem.\n<\/p>\n<p>Gon\u00e7alves sugere tamb\u00e9m treinar antes o uso do tempo, cronometrando para escrever sobre um determinado tema dentro de uma hora, que \u00e9 mais ou menos o tempo que se dedica \u00e0 reda\u00e7\u00e3o no dia do Enem.\n<\/p>\n<p>O ideal, para quem puder, \u00e9 fazer simulados que sejam corrigidos por pessoas que entendam as compet\u00eancias exigidas no Enem.\n<\/p>\n<p><strong>Erro 2: Escrever em primeira pessoa<\/strong>\n<\/p>\n<p>Fazer a reda\u00e7\u00e3o em primeira pessoa (&#8220;eu&#8221;), escrever &#8220;acho que&#8221; ou &#8220;opino que&#8221;, ou fazer conclus\u00f5es que n\u00e3o tenham nenhuma rela\u00e7\u00e3o com os argumentos citados no texto \u00e9 motivo comum de perda de pontos na reda\u00e7\u00e3o.\n<\/p>\n<p>&#8220;Isso \u00e9 visto como uma evid\u00eancia de que o aluno n\u00e3o entende a estrutura das reda\u00e7\u00f5es exigidas pelo Enem, que devem ser embasadas por dados e fatos&#8221;, explica Gon\u00e7alves.\n<\/p>\n<p>Como se precaver: Diferenciar fatos de opini\u00f5es \u00e9 um bom come\u00e7o para n\u00e3o se perder, diz Albuquerque.\n<\/p>\n<p>&#8220;A proposta de interven\u00e7\u00e3o (ou seja, a conclus\u00e3o) \u00e9 algo pessoal, mas n\u00e3o pode ser escrita em primeira pessoa, porque ela \u00e9 embasada pelas refer\u00eancias (de argumento) do texto. Se minha conclus\u00e3o \u00e9 de que &#8216;sou contra o Ex\u00e9rcito nas ruas&#8217;, tenho de dizer que isso pode ser ruim por tais e tais motivos, mas n\u00e3o &#8216;porque eu acho&#8217;.&#8221;\n<\/p>\n<p><strong>Erro 3: Fugir do tema proposto<\/strong>\n<\/p>\n<p>Quando o aluno n\u00e3o entende bem o tema proposto pelo Enem ou quando se dispersa ao longo do texto, \u00e9 comum que as conclus\u00f5es n\u00e3o sejam consistentes com o que os corretores esperam.\n<\/p>\n<p>Albuquerque conta que, no Enem de 2017, cujo tema da reda\u00e7\u00e3o eram os &#8220;desafios para a forma\u00e7\u00e3o educacional de surdos no Brasil&#8221;, alguns alunos se perderam em assuntos relacionados, mas diferentes, como a educa\u00e7\u00e3o de cadeirantes.\n<\/p>\n<p>Como se precaver: O jeito \u00e9 ficar muito atento, ao longo de todo o texto, e &#8220;puxar a si mesmo&#8221; para o tema central se voc\u00ea vir que come\u00e7a a se dispersar dele.\n<\/p>\n<p>&#8220;Cuidado para n\u00e3o tangenciar, que \u00e9 estar pr\u00f3ximo do tema, mas n\u00e3o falando do tema em si&#8221;, adverte Daniely do Nascimento, que j\u00e1 foi corretora do Enem e corretora volunt\u00e1ria no projeto Salvaguarda, que atende a jovens de escolas p\u00fablicas em Ribeir\u00e3o Preto (SP).\n<\/p>\n<p><strong>Erro 4: Repetir frases e &#8216;encher lingui\u00e7a&#8217;<\/strong>\n<\/p>\n<p>Corretores afirmam que muitos simulados cont\u00eam muitas frases, palavras e argumentos repetidos, que acrescentam pouca informa\u00e7\u00e3o ao texto.\n<\/p>\n<p>&#8220;Muitos alunos tentam encher lingui\u00e7a, criar volume de linhas escritas, com frases gen\u00e9ricas que n\u00e3o dizem nada&#8221;, diz Fabiano Gon\u00e7alves, do Instituto Proa..\n<\/p>\n<p>Como se precaver: Olhe para cada palavra e frase e se pergunte: ela agrega informa\u00e7\u00e3o ao texto? Se voc\u00ea retir\u00e1-la e isso fizer pouca diferen\u00e7a no texto, \u00e9 sinal de que ela n\u00e3o agrega valor \u00e0 sua reda\u00e7\u00e3o.\n<\/p>\n<p>&#8220;Lembre-se de que o espa\u00e7o previsto pelo Enem d\u00e1 justo para apresentar o tema, falar sobre ele e da\u00ed apresentar uma conclus\u00e3o&#8221;, diz Gon\u00e7alves.\n<\/p>\n<p><strong>Erro 5: Usar linguagem informal<\/strong>\n<\/p>\n<p>A primeira compet\u00eancia exigida pelo Enem \u00e9 o dom\u00ednio da escrita formal. Mesmo assim, esse \u00e9 um dos itens mais descumpridos pelos alunos, afirma Daniely do Nascimento.\n<\/p>\n<p>&#8220;\u00c9 muito comum que os jovens escrevam abrevia\u00e7\u00f5es, como &#8216;vc&#8217; e &#8216;pq&#8217;, porque est\u00e3o acostumados a escrever assim na internet&#8221;, diz ela. Mas g\u00edrias e express\u00f5es que usamos apenas na linguagem oral (e nas redes sociais) s\u00e3o garantia de pontos perdidos na reda\u00e7\u00e3o.\n<\/p>\n<p>Como se precaver: Nada de abrevia\u00e7\u00f5es, e evite tamb\u00e9m palavras usadas na linguagem oral, como &#8220;ficou ligado&#8221;, &#8220;bem&#8221;, &#8220;voc\u00ea&#8221;, e express\u00f5es variantes, &#8220;bem, para come\u00e7ar&#8221;, &#8220;de repente voc\u00ea v\u00ea que\u2026&#8221;.\n<\/p>\n<p>Mas, aten\u00e7\u00e3o: isso n\u00e3o significa usar palavras dif\u00edceis, apenas usar a norma culta.\n<\/p>\n<p>&#8220;O aluno que tenta ser muito rebuscado no texto acaba se atrapalhando ainda mais, porque ele n\u00e3o domina aquela linguagem&#8221;, diz Eva Albuquerque. &#8220;O ideal \u00e9 ser objetivo e claro.&#8221;\n<\/p>\n<p><strong>Erro 6: Fazer um texto desorganizado<\/strong>\n<\/p>\n<p>Frases incompletas, em que a informa\u00e7\u00e3o n\u00e3o fica clara para o corretor, ou par\u00e1grafos soltos, que n\u00e3o tenham conex\u00e3o com o que veio antes ou vem depois, podem levar a perdas de pontos em duas das cinco compet\u00eancias exigidas pelo Enem, adverte Nascimento.\n<\/p>\n<p>Isso porque a reda\u00e7\u00e3o acaba n\u00e3o tendo coes\u00e3o.\n<\/p>\n<p>Como se precaver: Elaborar um &#8220;projeto de texto&#8221;, como o sugerido no item 1 por Eva Albuquerque, pode ajudar a evitar essa desorganiza\u00e7\u00e3o.\n<\/p>\n<p>A professora do Cursinho da Poli afirma, ainda, que, para alunos que tenham dificuldade em iniciar um texto, uma boa estrat\u00e9gia \u00e9 citar alguma refer\u00eancia hist\u00f3rica ou obra cultural relacionada ao tema da reda\u00e7\u00e3o.\n<\/p>\n<p>Por exemplo, se o tema \u00e9 viol\u00eancia urbana, pode-se abrir citando algum epis\u00f3dio recente de bala perdida que tenha causado como\u00e7\u00e3o, algum caso hist\u00f3rico no Brasil ou mesmo alguma frase relevante de livro, filme ou seriado que aborde o mesmo assunto.\n<\/p>\n<p>Mas \u00e9 preciso ter cuidado para n\u00e3o cair em uma &#8220;enrascada&#8221;, diz Nascimento. &#8220;\u00c0s vezes os alunos citam autores s\u00f3 por citar, sem ter nenhuma conex\u00e3o com a argumenta\u00e7\u00e3o do texto.&#8221;\n<\/p>\n<p>Para a professora, o melhor jeito de ter um texto organizado \u00e9 praticar antes. &#8220;N\u00e3o d\u00e1 para ficar um ano sem escrever e deixar para faz\u00ea-lo s\u00f3 no dia do Enem. Escrita \u00e9 treino \u2014 \u00e9 escrever e ler bastante para al\u00e9m das redes sociais&#8221;, diz Nascimento.\n<\/p>\n<p>Fonte: BBC News\n              <\/p>\n<\/div>\n<p><br \/>\n<br \/><a href=\"https:\/\/diariodobrasilnoticias.com.br\/noticia\/enem-2024-saiba-quais-sao-os-erros-mais-comuns-na-redacao-6726388540a6f\">Source link <\/a><\/p>","protected":false},"excerpt":{"rendered":"<p>O peso que ela tem na nota do Enem e as dificuldades de muitos alunos com a escrita fazem com que a reda\u00e7\u00e3o seja uma das partes mais temidas pelos&hellip;<\/p>","protected":false},"author":1,"featured_media":54214,"comment_status":"closed","ping_status":"open","sticky":false,"template":"","format":"standard","meta":{"content-type":"","footnotes":""},"categories":[16],"tags":[123,2448,5313,1267],"class_list":["post-54213","post","type-post","status-publish","format-standard","has-post-thumbnail","hentry","category-noticias","tag-brasil","tag-diario","tag-noticia","tag-noticias"],"_links":{"self":[{"href":"https:\/\/tvbrazilusa.com\/pt\/wp-json\/wp\/v2\/posts\/54213","targetHints":{"allow":["GET"]}}],"collection":[{"href":"https:\/\/tvbrazilusa.com\/pt\/wp-json\/wp\/v2\/posts"}],"about":[{"href":"https:\/\/tvbrazilusa.com\/pt\/wp-json\/wp\/v2\/types\/post"}],"author":[{"embeddable":true,"href":"https:\/\/tvbrazilusa.com\/pt\/wp-json\/wp\/v2\/users\/1"}],"replies":[{"embeddable":true,"href":"https:\/\/tvbrazilusa.com\/pt\/wp-json\/wp\/v2\/comments?post=54213"}],"version-history":[{"count":1,"href":"https:\/\/tvbrazilusa.com\/pt\/wp-json\/wp\/v2\/posts\/54213\/revisions"}],"predecessor-version":[{"id":54215,"href":"https:\/\/tvbrazilusa.com\/pt\/wp-json\/wp\/v2\/posts\/54213\/revisions\/54215"}],"wp:featuredmedia":[{"embeddable":true,"href":"https:\/\/tvbrazilusa.com\/pt\/wp-json\/wp\/v2\/media\/54214"}],"wp:attachment":[{"href":"https:\/\/tvbrazilusa.com\/pt\/wp-json\/wp\/v2\/media?parent=54213"}],"wp:term":[{"taxonomy":"category","embeddable":true,"href":"https:\/\/tvbrazilusa.com\/pt\/wp-json\/wp\/v2\/categories?post=54213"},{"taxonomy":"post_tag","embeddable":true,"href":"https:\/\/tvbrazilusa.com\/pt\/wp-json\/wp\/v2\/tags?post=54213"}],"curies":[{"name":"wp","href":"https:\/\/api.w.org\/{rel}","templated":true}]}}