{"id":54216,"date":"2024-11-02T16:38:18","date_gmt":"2024-11-02T16:38:18","guid":{"rendered":"https:\/\/tvbrazilusa.com\/2024\/11\/02\/ex-presidente-boliviano-evo-morales-decreta-greve-de-fome-para-conseguir-dialogo-com-o-governo\/"},"modified":"2024-11-02T16:38:19","modified_gmt":"2024-11-02T16:38:19","slug":"ex-presidente-boliviano-evo-morales-decreta-greve-de-fome-para-conseguir-dialogo-com-o-governo","status":"publish","type":"post","link":"https:\/\/tvbrazilusa.com\/pt\/2024\/11\/02\/ex-presidente-boliviano-evo-morales-decreta-greve-de-fome-para-conseguir-dialogo-com-o-governo\/","title":{"rendered":"Ex-presidente boliviano Evo Morales decreta greve de fome para conseguir di\u00e1logo com o governo"},"content":{"rendered":"<p> <script async src=\"https:\/\/pagead2.googlesyndication.com\/pagead\/js\/adsbygoogle.js?client=ca-pub-8864793242727901\"\r\n     crossorigin=\"anonymous\"><\/script><br \/>\n<\/p>\n<div id=\"taboola-read-more\" style=\"display:block; width:100%\">\n<p>O ex-presidente da Bol\u00edvia Evo Morales disse, nesta sexta-feira (1\u00ba), que iniciar\u00e1 uma greve de fome para pressionar por um di\u00e1logo com o governo ap\u00f3s 19 dias de protestos e bloqueios de estradas de seus apoiadores.\n<\/p>\n<p><strong>O que aconteceu<\/strong><\/p>\n<p>&#8220;Para priorizar o di\u00e1logo, vou iniciar uma greve de fome at\u00e9 que o governo instale (&#8230;) mesas de di\u00e1logo&#8221;, afirmou o ex-presidente. As declara\u00e7\u00f5es foram dadas \u00e0 imprensa na regi\u00e3o cocaleira de Chapare, no departamento de Cochabamba. Segundo Morales, &#8220;o tema econ\u00f4mico&#8221; e &#8220;o tema pol\u00edtico&#8221; dever\u00e3o ser discutidos em duas mesas.\n<\/p>\n<p>Morales explicou que espera discutir com a administra\u00e7\u00e3o de seu ex-ministro, o atual presidente, Luis Arce. O objetivo \u00e9 tratar sobre a crise resultante da falta de d\u00f3lares que restringiu as importa\u00e7\u00f5es de combust\u00edvel que a Bol\u00edvia vende a pre\u00e7o subsidiado. &#8220;E para que o di\u00e1logo seja vi\u00e1vel, respons\u00e1vel e tenha resultados, pe\u00e7o a participa\u00e7\u00e3o de organismos internacionais de pa\u00edses amigos&#8221;, acrescentou o ex-presidente.\n<\/p>\n<p>Quanto ao &#8220;tema pol\u00edtico&#8221;, Morales afirmou querer debater a situa\u00e7\u00e3o de &#8220;dirigentes injustamente detidos, encarcerados&#8221;. A fala faz refer\u00eancia ao protesto que a oposi\u00e7\u00e3o iniciou h\u00e1 19 dias contra sua prov\u00e1vel pris\u00e3o por um caso de estupro que supostamente ocorreu quando ele era presidente, em 2015.\n<\/p>\n<p><strong>Apoiadores tomaram unidade militar<\/strong>\n<\/p>\n<p>Apoiadores do ex-presidente da Bol\u00edvia Evo Morales ocuparam hoje um quartel e fizeram ao menos 20 militares ref\u00e9ns na cidade de Cochabamba, na Bol\u00edvia.\n<\/p>\n<p>As For\u00e7as Armadas da Bol\u00edvia disseram, em nota, que &#8220;grupos armados irregulares&#8221; tomaram a unidade, &#8220;com o sequestro de pessoal militar, armamento e muni\u00e7\u00e3o&#8221;. &#8220;Aqueles que realizaram ou pretendem continuar com atos criminosos contra os direitos fundamentais, os direitos humanos, a seguran\u00e7a e a liberdade do povo&#8230; s\u00e3o convocados a abandonar suas atitudes e deixar o quartel imediata e pacificamente&#8221;, disseram as For\u00e7as Armadas no comunicado.\n<\/p>\n<p>Uma fonte da Defesa explicou \u00e0 AFP que h\u00e1 cerca de 20 retidos. Entre eles oficiais e soldados. Invas\u00e3o ao quartel \u00e9 resposta \u00e0 interven\u00e7\u00e3o policial e militar contra bloqueios de estradas com o intuito de apoiar Morales.\n<\/p>\n<p>V\u00eddeos que circulam nas redes sociais mostram militares cercados por camponeses. As imagens mostram que grupo est\u00e1 armado com peda\u00e7os de madeira. &#8220;As vidas dos meus instrutores e soldados est\u00e3o em perigo&#8221;, disse um soldado que foi filmado pelos invasores e cujas imagens foram transmitidas pela m\u00eddia local.\n<\/p>\n<p>\u00c1gua e energia foram cortadas do quartel. &#8220;O Regimento Cacique Maraza foi tomado pelas centrais Tipnis. Cortaram nossa \u00e1gua, a luz, nos fizeram de ref\u00e9ns&#8221;, diz um militar. Os Tipnis s\u00e3o conhecidos como os territ\u00f3rios ind\u00edgenas do Chapare, onde Evo Morales tem sua principal base pol\u00edtica. Morales permanece resguardado diante de uma prov\u00e1vel ordem de apreens\u00e3o contra ele por um caso de estupro, que ele nega, e que supostamente ocorreu quando ele era presidente, em 2015.\n<\/p>\n<p><strong>Apoiadores protestam h\u00e1 19 dias<\/strong>\n<\/p>\n<p>Apoiadores realizam protestos h\u00e1 19 dias. Nas \u00faltimas semanas, o grupo bloqueou estradas da Bol\u00edvia. Manifesta\u00e7\u00f5es tentam evitar uma prov\u00e1vel pris\u00e3o de Morales, enquanto o governo atual tenta impedir os bloqueios. Ao menos 61 policiais e nove civis ficaram feridos em confrontos. V\u00e1rios policiais sofreram traumatismo cranioencef\u00e1lico, segundo informa\u00e7\u00f5es oficiais.\n<\/p>\n<p>Em todo o pa\u00eds, h\u00e1 cerca de 20 pontos de bloqueio. A maioria \u00e9 em Cochabamba, no centro da Bol\u00edvia. Os protestos reivindicam o &#8220;fim da persegui\u00e7\u00e3o judicial&#8221; contra Morales.\n<\/p>\n<p>Os manifestantes tamb\u00e9m exigem a ren\u00fancia do presidente Luis Arce. Ele exigiu, na quarta-feira, &#8220;o fim de todos os pontos de bloqueio&#8221;. Caso contr\u00e1rio, afirmou que &#8220;exercer\u00e1 suas faculdades constitucionais&#8221; para desocup\u00e1-los.\n<\/p>\n<p>Uma das consequ\u00eancias dos bloqueios \u00e9 a escassez de alimentos b\u00e1sicos na capital, La Paz, como o frango. Para remediar esta situa\u00e7\u00e3o, o governo decidiu criar uma ponte a\u00e9rea para entregar diariamente 40 mil kg do produto aos moradores da capital. Apesar da medida de emerg\u00eancia, as quantidades s\u00e3o insuficientes para responder \u00e0 demanda e os pre\u00e7os altos. As autoridades bolivianas estimam que o bloqueio causa preju\u00edzos di\u00e1rias de cerca de US$ 99 milh\u00f5es (cerca de R$ 580 milh\u00f5es). Se a situa\u00e7\u00e3o persistir, poder\u00e1 afetar a produ\u00e7\u00e3o de carne para as festas de final de ano.\n<\/p>\n<p>Em 27 de outubro, Morales foi v\u00edtima de um ataque a tiros. L\u00edder da oposi\u00e7\u00e3o no pa\u00eds, ele postou v\u00eddeos do ataque nas redes sociais e disse que 14 tiros foram disparados por homens encapuzados. &#8220;Esta foi a tentativa de assassinato ocorrida \u00e0s 6h20, \u00e0s portas do nono, no munic\u00edpio de Shinahota&#8221;, diz a legenda.\n<\/p>\n<p><strong>Investiga\u00e7\u00e3o de &#8216;estupro, tr\u00e1fico e explora\u00e7\u00e3o de pessoas&#8217;<\/strong>\n<\/p>\n<p>Morales foi intimado pelo Minist\u00e9rio P\u00fablico do departamento de Tarija para prestar depoimento dentro do processo por &#8220;estupro, tr\u00e1fico e explora\u00e7\u00e3o de pessoas&#8221;. O ex-presidente, no entanto, decidiu n\u00e3o se apresentar ao \u00f3rg\u00e3o, que o investiga pelo suposto abuso de uma menor durante o seu mandato, o que pode lhe render uma ordem de pris\u00e3o.\n<\/p>\n<p>O l\u00edder ind\u00edgena classifica as acusa\u00e7\u00f5es como &#8220;mais uma mentira&#8221;. O advogado Nelson Cox, que o representa, disse que o cliente n\u00e3o vai comparecer porque considera que a investiga\u00e7\u00e3o \u00e9 &#8220;ilegal&#8221;.\n<\/p>\n<p>O esc\u00e2ndalo que pode colocar Morales na pris\u00e3o \u00e9 de um caso de 2015. Segundo a den\u00fancia investigada pelo Minist\u00e9rio P\u00fablico &#8211; o &#8216;l\u00edder cocaleiro&#8217; se envolveu com uma menor de 15 anos, com quem teve uma filha em 2016.\n<\/p>\n<p>Evo Morales \u00e9 hoje o principal opositor do governo de seu ex-ministro Luis Arce. Ele o acusa de reabrir o caso como parte de uma &#8220;persegui\u00e7\u00e3o judicial&#8221;. Objetivo seria afast\u00e1-lo da corrida pela indica\u00e7\u00e3o do grupo pol\u00edtico da situa\u00e7\u00e3o, que vive uma disputa interna, para as elei\u00e7\u00f5es presidenciais de 2025.\n<\/p>\n<p>Evo est\u00e1 impedido de se candidatar desde dezembro do ano passado. O Tribunal Constitucional reverteu um entendimento anterior que liberava reelei\u00e7\u00f5es indefinidas no pa\u00eds.\n<\/p>\n<p>Fonte: UOL              <\/p>\n<\/div>\n<p><br \/>\n<br \/><a href=\"https:\/\/diariodobrasilnoticias.com.br\/noticia\/ex-presidente-boliviano-evo-morales-decreta-greve-de-fome-para-conseguir-dialogo-com-o-governo-67263ea4969e0\">Source link <\/a><\/p>","protected":false},"excerpt":{"rendered":"<p>O ex-presidente da Bol\u00edvia Evo Morales disse, nesta sexta-feira (1\u00ba), que iniciar\u00e1 uma greve de fome para pressionar por um di\u00e1logo com o governo ap\u00f3s 19 dias de protestos e&hellip;<\/p>","protected":false},"author":1,"featured_media":54217,"comment_status":"closed","ping_status":"open","sticky":false,"template":"","format":"standard","meta":{"content-type":"","footnotes":""},"categories":[16],"tags":[123,2448,5313,1267],"class_list":["post-54216","post","type-post","status-publish","format-standard","has-post-thumbnail","hentry","category-noticias","tag-brasil","tag-diario","tag-noticia","tag-noticias"],"_links":{"self":[{"href":"https:\/\/tvbrazilusa.com\/pt\/wp-json\/wp\/v2\/posts\/54216","targetHints":{"allow":["GET"]}}],"collection":[{"href":"https:\/\/tvbrazilusa.com\/pt\/wp-json\/wp\/v2\/posts"}],"about":[{"href":"https:\/\/tvbrazilusa.com\/pt\/wp-json\/wp\/v2\/types\/post"}],"author":[{"embeddable":true,"href":"https:\/\/tvbrazilusa.com\/pt\/wp-json\/wp\/v2\/users\/1"}],"replies":[{"embeddable":true,"href":"https:\/\/tvbrazilusa.com\/pt\/wp-json\/wp\/v2\/comments?post=54216"}],"version-history":[{"count":1,"href":"https:\/\/tvbrazilusa.com\/pt\/wp-json\/wp\/v2\/posts\/54216\/revisions"}],"predecessor-version":[{"id":54218,"href":"https:\/\/tvbrazilusa.com\/pt\/wp-json\/wp\/v2\/posts\/54216\/revisions\/54218"}],"wp:featuredmedia":[{"embeddable":true,"href":"https:\/\/tvbrazilusa.com\/pt\/wp-json\/wp\/v2\/media\/54217"}],"wp:attachment":[{"href":"https:\/\/tvbrazilusa.com\/pt\/wp-json\/wp\/v2\/media?parent=54216"}],"wp:term":[{"taxonomy":"category","embeddable":true,"href":"https:\/\/tvbrazilusa.com\/pt\/wp-json\/wp\/v2\/categories?post=54216"},{"taxonomy":"post_tag","embeddable":true,"href":"https:\/\/tvbrazilusa.com\/pt\/wp-json\/wp\/v2\/tags?post=54216"}],"curies":[{"name":"wp","href":"https:\/\/api.w.org\/{rel}","templated":true}]}}