{"id":54225,"date":"2024-11-02T17:21:49","date_gmt":"2024-11-02T17:21:49","guid":{"rendered":"https:\/\/tvbrazilusa.com\/2024\/11\/02\/apos-o-2o-acidente-em-dez-dias-com-avioes-da-fab-ministro-da-defesa-trata-como-infeliz-coincidencia\/"},"modified":"2024-11-02T17:21:50","modified_gmt":"2024-11-02T17:21:50","slug":"apos-o-2o-acidente-em-dez-dias-com-avioes-da-fab-ministro-da-defesa-trata-como-infeliz-coincidencia","status":"publish","type":"post","link":"https:\/\/tvbrazilusa.com\/pt\/2024\/11\/02\/apos-o-2o-acidente-em-dez-dias-com-avioes-da-fab-ministro-da-defesa-trata-como-infeliz-coincidencia\/","title":{"rendered":"Ap\u00f3s o 2\u00ba acidente em dez dias com avi\u00f5es da FAB, ministro da Defesa trata como &#8216;infeliz coincid\u00eancia&#8217;"},"content":{"rendered":"<p> <script async src=\"https:\/\/pagead2.googlesyndication.com\/pagead\/js\/adsbygoogle.js?client=ca-pub-8864793242727901\"\r\n     crossorigin=\"anonymous\"><\/script><br \/>\n<\/p>\n<div id=\"taboola-read-more\" style=\"display:block; width:100%\">\n<p>O ministro da Defesa, Jos\u00e9 M\u00facio Monteiro, disse em entrevista \u00e0 CNN que os recentes acidentes com avi\u00f5es da For\u00e7a A\u00e9rea Brasileira (FAB) s\u00e3o uma \u201cinfeliz coincid\u00eancia\u201d.\n<\/p>\n<p>Nos \u00faltimos dez dias, dois avi\u00f5es sofreram quedas em treinamentos e um fez um pouso de emerg\u00eancia. Todos os pilotos sa\u00edram sem les\u00f5es graves.<\/p>\n<p>M\u00facio ainda disse que todos os cuidados s\u00e3o tomados pela For\u00e7a na instru\u00e7\u00e3o dos pilotos e que n\u00e3o se pode deixar os cadetes sem treinamento que fazem parte da forma\u00e7\u00e3o dos integrantes da Aeron\u00e1utica.\n<\/p>\n<p>\u201cN\u00f3s j\u00e1 estamos investigando as causas\u201d, disse, por telefone, \u00e0 emissora.\n<\/p>\n<p>\u201cInfelizmente, acidentes acontecem. A \u00fanica forma de n\u00e3o ter acidente com avi\u00f5es \u00e9 eles n\u00e3o sa\u00edrem do ch\u00e3o\u201d, disse Jos\u00e9 M\u00facio Monteiro.\n<\/p>\n<p>Nesta sexta-feira (1\u00ba), dois avi\u00f5es da FAB colidiram no ar durante um treinamento em Pirassununga (SP).\n<\/p>\n<p>Ap\u00f3s os relatos do acidente, o ministro conversou pessoalmente com o comandante da Aeron\u00e1utica, brigadeiro Marcelo Damasceno.\n<\/p>\n<p>De acordo com M\u00facio, as primeiras informa\u00e7\u00f5es s\u00e3o de que, durante o treinamento, a h\u00e9lice de uma das aeronaves bateu em um segundo avi\u00e3o, que perdeu estabilidade.\n<\/p>\n<p>A piloto que estava a bordo conseguiu se ejetar da aeronave, que ficou destru\u00edda ao colidir com o solo. O outro piloto conseguiu pousar. Ambos s\u00e3o pilotos em forma\u00e7\u00e3o na faixa dos 20 anos de idade, segundo o ministro.\n<\/p>\n<p>O Centro de Investiga\u00e7\u00e3o e Preven\u00e7\u00e3o de Acidentes Aeron\u00e1uticos (Cenipa) j\u00e1 foi ao local nesta tarde para come\u00e7ar a apura\u00e7\u00e3o do acidente.\n<\/p>\n<p><strong>Acidente na \u00faltima semana em Parnamirim<\/strong>\n<\/p>\n<p>Em 22 de outubro, um ca\u00e7a da Aeron\u00e1utica caiu em Parnamirim. Segundo a FAB, o avi\u00e3o, modelo F-5M, fazia um voo de treinamento. Quando o piloto percebeu problemas no ca\u00e7a, voou para uma \u201cregi\u00e3o desabitada\u201d e se ejetou da aeronave \u201ccom sucesso\u201d. Ele foi resgatado com vida posteriormente. O Cenipa tamb\u00e9m investiga esse caso.\n<\/p>\n<p>CNN Brasil\n<\/p>\n<p>Fonte: Blog do BG              <\/p>\n<\/div>\n<p><br \/>\n<br \/><a href=\"https:\/\/diariodobrasilnoticias.com.br\/noticia\/apos-o-2-acidente-em-dez-dias-com-avioes-da-fab-ministro-da-defesa-trata-como-infeliz-coincidencia-6726419619186\">Source link <\/a><\/p>","protected":false},"excerpt":{"rendered":"<p>O ministro da Defesa, Jos\u00e9 M\u00facio Monteiro, disse em entrevista \u00e0 CNN que os recentes acidentes com avi\u00f5es da For\u00e7a A\u00e9rea Brasileira (FAB) s\u00e3o uma \u201cinfeliz coincid\u00eancia\u201d. Nos \u00faltimos dez&hellip;<\/p>","protected":false},"author":1,"featured_media":54226,"comment_status":"closed","ping_status":"open","sticky":false,"template":"","format":"standard","meta":{"content-type":"","footnotes":""},"categories":[16],"tags":[123,2448,5313,1267],"class_list":["post-54225","post","type-post","status-publish","format-standard","has-post-thumbnail","hentry","category-noticias","tag-brasil","tag-diario","tag-noticia","tag-noticias"],"_links":{"self":[{"href":"https:\/\/tvbrazilusa.com\/pt\/wp-json\/wp\/v2\/posts\/54225","targetHints":{"allow":["GET"]}}],"collection":[{"href":"https:\/\/tvbrazilusa.com\/pt\/wp-json\/wp\/v2\/posts"}],"about":[{"href":"https:\/\/tvbrazilusa.com\/pt\/wp-json\/wp\/v2\/types\/post"}],"author":[{"embeddable":true,"href":"https:\/\/tvbrazilusa.com\/pt\/wp-json\/wp\/v2\/users\/1"}],"replies":[{"embeddable":true,"href":"https:\/\/tvbrazilusa.com\/pt\/wp-json\/wp\/v2\/comments?post=54225"}],"version-history":[{"count":1,"href":"https:\/\/tvbrazilusa.com\/pt\/wp-json\/wp\/v2\/posts\/54225\/revisions"}],"predecessor-version":[{"id":54227,"href":"https:\/\/tvbrazilusa.com\/pt\/wp-json\/wp\/v2\/posts\/54225\/revisions\/54227"}],"wp:featuredmedia":[{"embeddable":true,"href":"https:\/\/tvbrazilusa.com\/pt\/wp-json\/wp\/v2\/media\/54226"}],"wp:attachment":[{"href":"https:\/\/tvbrazilusa.com\/pt\/wp-json\/wp\/v2\/media?parent=54225"}],"wp:term":[{"taxonomy":"category","embeddable":true,"href":"https:\/\/tvbrazilusa.com\/pt\/wp-json\/wp\/v2\/categories?post=54225"},{"taxonomy":"post_tag","embeddable":true,"href":"https:\/\/tvbrazilusa.com\/pt\/wp-json\/wp\/v2\/tags?post=54225"}],"curies":[{"name":"wp","href":"https:\/\/api.w.org\/{rel}","templated":true}]}}