{"id":54242,"date":"2024-11-02T18:13:55","date_gmt":"2024-11-02T18:13:55","guid":{"rendered":"https:\/\/tvbrazilusa.com\/2024\/11\/02\/com-corte-de-gastos-deficit-do-inss-atinge-quase-r-200-bi-em-seis-meses\/"},"modified":"2024-11-02T18:13:57","modified_gmt":"2024-11-02T18:13:57","slug":"com-corte-de-gastos-deficit-do-inss-atinge-quase-r-200-bi-em-seis-meses","status":"publish","type":"post","link":"https:\/\/tvbrazilusa.com\/pt\/2024\/11\/02\/com-corte-de-gastos-deficit-do-inss-atinge-quase-r-200-bi-em-seis-meses\/","title":{"rendered":"Com corte de gastos, d\u00e9ficit do INSS atinge quase R$ 200 bi em seis meses"},"content":{"rendered":"<p> <script async src=\"https:\/\/pagead2.googlesyndication.com\/pagead\/js\/adsbygoogle.js?client=ca-pub-8864793242727901\"\r\n     crossorigin=\"anonymous\"><\/script><br \/>\n<\/p>\n<div id=\"taboola-read-more\" style=\"display:block; width:100%\">\n<p>Em meio \u00e0 expectativa de redu\u00e7\u00e3o de gastos do governo federal, o d\u00e9ficit da Previd\u00eancia atingiu R$ 198,2 bilh\u00f5es nos primeiros seis meses de 2024. O n\u00famero equivale a um aumento de 20% em rela\u00e7\u00e3o ao mesmo per\u00edodo de 2023, e se refere ao RGPS (Regime Geral de Previd\u00eancia Social), sistema voltado para os trabalhadores do setor privado.\n<\/p>\n<p>Apesar do aumento de 8% da arrecada\u00e7\u00e3o no per\u00edodo, que chegou a R$ 299,8 bilh\u00f5es, a despesa foi maior e cresceu 13% (R$ 498,1 bilh\u00f5es). Com isso, o resultado negativo das contas do INSS (Instituto Nacional do Seguro Social) j\u00e1 \u00e9 maior do que o registrado no ano anterior. Os dados s\u00e3o da \u00faltima publica\u00e7\u00e3o do BEPS (Boletim Estat\u00edstico da Previd\u00eancia Social).<\/p>\n<p>Desde agosto, o INSS tem feito um pente-fino para revisar 1,7 milh\u00e3o de benef\u00edcios entre o BPC (Benef\u00edcio de Presta\u00e7\u00e3o Continuada) e benef\u00edcio por incapacidade tempor\u00e1ria (antigo aux\u00edlio-doen\u00e7a), na tentativa de estancar os custos.\n<\/p>\n<p>O INSS paga, mensalmente, 40.431.862 benef\u00edcios previdenci\u00e1rios e assistenciais. Desse total, 6.244.106 s\u00e3o benef\u00edcios assistenciais, e 34.187.756 previdenci\u00e1rios. Segundo levantamento de setembro, o n\u00famero de benef\u00edcios que pagam at\u00e9 um sal\u00e1rio m\u00ednimo \u00e9 de 28.145.531. Os que ganham acima do piso nacional somam 12.286.331 benef\u00edcios.\n<\/p>\n<p>Com as contas p\u00fablicas em alta, o governo tem sido pressionado para definir um pacote de revis\u00e3o de gastos, para garantir a longevidade do arcabou\u00e7o fiscal. A \u201cfila\u201d da Previd\u00eancia Social e o BPC (Benef\u00edcios de Presta\u00e7\u00e3o Continuada) s\u00e3o as principais despesas obrigat\u00f3rias.\n<\/p>\n<p>R7\n<\/p>\n<p>Fonte: Blog do BG              <\/p>\n<\/div>\n<p><br \/>\n<br \/><a href=\"https:\/\/diariodobrasilnoticias.com.br\/noticia\/com-corte-de-gastos-deficit-do-inss-atinge-quase-r-200-bi-em-seis-meses-672646238fcad\">Source link <\/a><\/p>","protected":false},"excerpt":{"rendered":"<p>Em meio \u00e0 expectativa de redu\u00e7\u00e3o de gastos do governo federal, o d\u00e9ficit da Previd\u00eancia atingiu R$ 198,2 bilh\u00f5es nos primeiros seis meses de 2024. O n\u00famero equivale a um&hellip;<\/p>","protected":false},"author":1,"featured_media":54243,"comment_status":"closed","ping_status":"open","sticky":false,"template":"","format":"standard","meta":{"content-type":"","footnotes":""},"categories":[16],"tags":[123,2448,5313,1267],"class_list":["post-54242","post","type-post","status-publish","format-standard","has-post-thumbnail","hentry","category-noticias","tag-brasil","tag-diario","tag-noticia","tag-noticias"],"_links":{"self":[{"href":"https:\/\/tvbrazilusa.com\/pt\/wp-json\/wp\/v2\/posts\/54242","targetHints":{"allow":["GET"]}}],"collection":[{"href":"https:\/\/tvbrazilusa.com\/pt\/wp-json\/wp\/v2\/posts"}],"about":[{"href":"https:\/\/tvbrazilusa.com\/pt\/wp-json\/wp\/v2\/types\/post"}],"author":[{"embeddable":true,"href":"https:\/\/tvbrazilusa.com\/pt\/wp-json\/wp\/v2\/users\/1"}],"replies":[{"embeddable":true,"href":"https:\/\/tvbrazilusa.com\/pt\/wp-json\/wp\/v2\/comments?post=54242"}],"version-history":[{"count":1,"href":"https:\/\/tvbrazilusa.com\/pt\/wp-json\/wp\/v2\/posts\/54242\/revisions"}],"predecessor-version":[{"id":54244,"href":"https:\/\/tvbrazilusa.com\/pt\/wp-json\/wp\/v2\/posts\/54242\/revisions\/54244"}],"wp:featuredmedia":[{"embeddable":true,"href":"https:\/\/tvbrazilusa.com\/pt\/wp-json\/wp\/v2\/media\/54243"}],"wp:attachment":[{"href":"https:\/\/tvbrazilusa.com\/pt\/wp-json\/wp\/v2\/media?parent=54242"}],"wp:term":[{"taxonomy":"category","embeddable":true,"href":"https:\/\/tvbrazilusa.com\/pt\/wp-json\/wp\/v2\/categories?post=54242"},{"taxonomy":"post_tag","embeddable":true,"href":"https:\/\/tvbrazilusa.com\/pt\/wp-json\/wp\/v2\/tags?post=54242"}],"curies":[{"name":"wp","href":"https:\/\/api.w.org\/{rel}","templated":true}]}}