{"id":54245,"date":"2024-11-02T18:31:01","date_gmt":"2024-11-02T18:31:01","guid":{"rendered":"https:\/\/tvbrazilusa.com\/2024\/11\/02\/enem-retoma-numero-de-inscritos-mas-numero-de-vagas-em-universades-permanece-o-mesmo\/"},"modified":"2024-11-02T18:31:02","modified_gmt":"2024-11-02T18:31:02","slug":"enem-retoma-numero-de-inscritos-mas-numero-de-vagas-em-universades-permanece-o-mesmo","status":"publish","type":"post","link":"https:\/\/tvbrazilusa.com\/pt\/2024\/11\/02\/enem-retoma-numero-de-inscritos-mas-numero-de-vagas-em-universades-permanece-o-mesmo\/","title":{"rendered":"Enem retoma n\u00famero de inscritos, mas n\u00famero de vagas em universades permanece o mesmo"},"content":{"rendered":"<p> <script async src=\"https:\/\/pagead2.googlesyndication.com\/pagead\/js\/adsbygoogle.js?client=ca-pub-8864793242727901\"\r\n     crossorigin=\"anonymous\"><\/script><br \/>\n<\/p>\n<div id=\"taboola-read-more\" style=\"display:block; width:100%\">\n<p>Principal porta de entrada para o ensino superior, o Enem (Exame Nacional do Ensino M\u00e9dio) de 2024 retomou o n\u00famero de inscritos depois de ter chegado ao menor n\u00edvel de participa\u00e7\u00e3o em 2021. O maior interesse dos estudantes em fazer a prova, no entanto, esbarra na estagna\u00e7\u00e3o de vagas em universidades p\u00fablicas do pa\u00eds.\n<\/p>\n<p>O exame recebeu este ano 4,32 milh\u00f5es de inscri\u00e7\u00f5es, um aumento de 9,95% em rela\u00e7\u00e3o a 2023. A edi\u00e7\u00e3o 2024 tamb\u00e9m teve quase 1 milh\u00e3o de inscritos a mais do que em 2021, quando a prova chegou ao menor patamar, durante o governo Jair Bolsonaro (PL).<\/p>\n<p>Educadores consideram o n\u00famero de inscritos no Enem como uma esp\u00e9cie de term\u00f4metro da esperan\u00e7a dos jovens, j\u00e1 que veem na prova uma oportunidade para continuar estudando. Por isso, a retomada \u00e9 vista com otimismo, mas tamb\u00e9m como um alerta para a necessidade de expans\u00e3o das vagas no ensino superior.\n<\/p>\n<p>Desde 2013, o Brasil segue estagnado com cerca de 2 milh\u00f5es de matr\u00edculas nas universidades e faculdades p\u00fablicas e n\u00e3o h\u00e1 no pa\u00eds uma pol\u00edtica para estruturar a expans\u00e3o dessa oferta. O acesso ao ensino superior tem sido garantido majoritariamente pelas faculdades privadas, que hoje t\u00eam mais de 80% dos alunos dessa etapa.\n<\/p>\n<p>A concentra\u00e7\u00e3o das matr\u00edculas no setor privado preocupa especialistas, j\u00e1 que h\u00e1 pouca regula\u00e7\u00e3o da qualidade dos cursos ofertados. Al\u00e9m de refor\u00e7ar a desigualdade de acesso, principalmente ap\u00f3s a redu\u00e7\u00e3o dos programas de bolsas federais para essas faculdades nos \u00faltimos anos.\n<\/p>\n<p>O Prouni (Programa Universidade para Todos) atingiu em 2023 o seu menor patamar, com 403.735 alunos beneficiados. Em 2017, o programa chegou a atender mais de 609 mil alunos \u2014uma redu\u00e7\u00e3o de mais de 33%. O Fies (Financiamento Estudantil) que j\u00e1 teve mais de 1,3 milh\u00e3o de beneficiados, em 2015, atendeu no ano passado 177 mil estudantes. As duas pol\u00edticas usam a nota do Enem como crit\u00e9rio de sele\u00e7\u00e3o.\n<\/p>\n<p>&#8220;A retomada do n\u00famero de inscri\u00e7\u00f5es no Enem \u00e9 muito positiva, j\u00e1 que indica que os jovens voltaram a ter esperan\u00e7a de continuar os estudos. Mas esse movimento acontece sem que haja pol\u00edticas que deem garantias de que mais estudantes v\u00e3o conseguir acessar o ensino superior, em especial, na rede p\u00fablica&#8221;, diz Salom\u00e3o Ximenes, professor de direito e pol\u00edticas educacionais da UFABC.\n<\/p>\n<p>Eleito tendo como uma das promessas a retomada de investimentos no ensino superior, o presidente Lula (PT) anunciou neste ano uma nova amplia\u00e7\u00e3o das universidades federais. O plano, no entanto, esbarra na falta de or\u00e7amento adequado para essas institui\u00e7\u00f5es.\n<\/p>\n<p>Como mostrou a Folha, dezenas de universidades federais de todas as regi\u00f5es do pa\u00eds acumulam obras paradas ou atrasadas e projetos abandonados em raz\u00e3o da queda de or\u00e7amento que viveram nos \u00faltimos anos. Elas tamb\u00e9m n\u00e3o conseguem ofertar ou preencher todas as vagas que foram planejadas por falta de recursos.\n<\/p>\n<p>&#8220;Para amplia\u00e7\u00e3o de vagas nas universidades p\u00fablicas, o primeiro passo \u00e9 a recomposi\u00e7\u00e3o or\u00e7ament\u00e1ria destas e um diagn\u00f3stico de demanda e de investimentos adequados&#8221;, avalia Andressa Pellanda, coordenadora geral da Campanha Nacional pela Educa\u00e7\u00e3o.\n<\/p>\n<p>Dados do Censo do Ensino Superior mostram que, no ano passado, 25,8% das novas vagas ofertadas em universidades federais n\u00e3o foram preenchidas e 81,3% das vagas remanescentes (ou seja, quando o aluno desiste do curso) n\u00e3o foram reocupadas.\n<\/p>\n<p>Para reitores e especialistas, a alta ociosidade das vagas na rede federal \u00e9 consequ\u00eancia da falta de recursos para pol\u00edticas de perman\u00eancia estudantil, j\u00e1 que os jovens n\u00e3o conseguem se matricular ou continuar nos cursos para os quais foram aprovados por falta de dinheiro.\n<\/p>\n<p>&#8220;O Brasil n\u00e3o acertou ainda estruturalmente em termos de pol\u00edticas de perman\u00eancia estudantil. As bolsas ajudam e precisam ser ampliadas, melhoradas em seus valores e aprofundadas em suas dimens\u00f5es de equidade e vincula\u00e7\u00e3o \u00e0 pesquisa, ensino e extens\u00e3o no ensino superior&#8221;, diz Pellanda.\n<\/p>\n<p>Em 2010, o presidente Lula criou o Pnaes (Programa Nacional de Assist\u00eancia Estudantil) que previa custear o subs\u00eddio para alimenta\u00e7\u00e3o, transporte e bolsas para todos os estudantes com renda familiar de at\u00e9 1,5 sal\u00e1rio m\u00ednimo. O or\u00e7amento do programa, no entanto, n\u00e3o acompanhou o aumento do ingresso de alunos dessa faixa de renda \u2014que j\u00e1 representam hoje mais de 70% dos matriculados nas universidades federais.\n<\/p>\n<p>Como o recurso \u00e9 insuficiente para atender a todos, as universidades passaram a adotar novos crit\u00e9rios mais restritivos, hoje a maioria delas s\u00f3 consegue oferecer aux\u00edlio a quem tem renda familiar de at\u00e9 meio sal\u00e1rio m\u00ednimo.\n<\/p>\n<p>&#8220;S\u00e3o necess\u00e1rias pol\u00edticas de alimenta\u00e7\u00e3o, aux\u00edlio para moradia e perman\u00eancia em outra cidade eventualmente, entre outras quest\u00f5es globais que envolvem o processo de garantir estrutura de dedica\u00e7\u00e3o daqueles estudantes \u00e0 sua forma\u00e7\u00e3o superior&#8221;, afirma Pellanda.\n<\/p>\n<p>Os especialistas afirmam que, para os estudantes continuarem interessados em fazer o Enem, \u00e9 preciso reestruturar as pol\u00edticas atuais para que um maior n\u00famero deles possa de fato entrar na universidade e ter condi\u00e7\u00f5es de concluir o curso.\n<\/p>\n<p>&#8220;Nos \u00faltimos dois anos, houve uma retomada da valoriza\u00e7\u00e3o da educa\u00e7\u00e3o e isso se reflete nos n\u00fameros do Enem, mas, para que essa mudan\u00e7a seja de fato duradoura, \u00e9 preciso pensar em pol\u00edticas de expans\u00e3o das vagas p\u00fablicas e presenciais e no fortalecimento de programas para que esses jovens consigam permanecer na universidade&#8221;, avalia Ximenes.\n<\/p>\n<p>A Folha questionou o Minist\u00e9rio da Educa\u00e7\u00e3o sobre a\u00e7\u00f5es planejadas pela pasta para a \u00e1rea, mas n\u00e3o teve resposta at\u00e9 a publica\u00e7\u00e3o.\n<\/p>\n<p>Fonte: Folha de S. Paulo              <\/p>\n<\/div>\n<p><br \/>\n<br \/><a href=\"https:\/\/diariodobrasilnoticias.com.br\/noticia\/enem-retoma-numero-de-inscritos-mas-numero-de-vagas-em-universades-permanece-o-mesmo-67264825273d4\">Source link <\/a><\/p>","protected":false},"excerpt":{"rendered":"<p>Principal porta de entrada para o ensino superior, o Enem (Exame Nacional do Ensino M\u00e9dio) de 2024 retomou o n\u00famero de inscritos depois de ter chegado ao menor n\u00edvel de&hellip;<\/p>","protected":false},"author":1,"featured_media":54246,"comment_status":"closed","ping_status":"open","sticky":false,"template":"","format":"standard","meta":{"content-type":"","footnotes":""},"categories":[16],"tags":[123,2448,5313,1267],"class_list":["post-54245","post","type-post","status-publish","format-standard","has-post-thumbnail","hentry","category-noticias","tag-brasil","tag-diario","tag-noticia","tag-noticias"],"_links":{"self":[{"href":"https:\/\/tvbrazilusa.com\/pt\/wp-json\/wp\/v2\/posts\/54245","targetHints":{"allow":["GET"]}}],"collection":[{"href":"https:\/\/tvbrazilusa.com\/pt\/wp-json\/wp\/v2\/posts"}],"about":[{"href":"https:\/\/tvbrazilusa.com\/pt\/wp-json\/wp\/v2\/types\/post"}],"author":[{"embeddable":true,"href":"https:\/\/tvbrazilusa.com\/pt\/wp-json\/wp\/v2\/users\/1"}],"replies":[{"embeddable":true,"href":"https:\/\/tvbrazilusa.com\/pt\/wp-json\/wp\/v2\/comments?post=54245"}],"version-history":[{"count":1,"href":"https:\/\/tvbrazilusa.com\/pt\/wp-json\/wp\/v2\/posts\/54245\/revisions"}],"predecessor-version":[{"id":54247,"href":"https:\/\/tvbrazilusa.com\/pt\/wp-json\/wp\/v2\/posts\/54245\/revisions\/54247"}],"wp:featuredmedia":[{"embeddable":true,"href":"https:\/\/tvbrazilusa.com\/pt\/wp-json\/wp\/v2\/media\/54246"}],"wp:attachment":[{"href":"https:\/\/tvbrazilusa.com\/pt\/wp-json\/wp\/v2\/media?parent=54245"}],"wp:term":[{"taxonomy":"category","embeddable":true,"href":"https:\/\/tvbrazilusa.com\/pt\/wp-json\/wp\/v2\/categories?post=54245"},{"taxonomy":"post_tag","embeddable":true,"href":"https:\/\/tvbrazilusa.com\/pt\/wp-json\/wp\/v2\/tags?post=54245"}],"curies":[{"name":"wp","href":"https:\/\/api.w.org\/{rel}","templated":true}]}}