{"id":54271,"date":"2024-11-02T20:18:42","date_gmt":"2024-11-02T20:18:42","guid":{"rendered":"https:\/\/tvbrazilusa.com\/2024\/11\/02\/russia-pode-estar-a-beira-de-conflito-direto-com-os-eua-segundo-chanceler-russo\/"},"modified":"2024-11-02T20:18:43","modified_gmt":"2024-11-02T20:18:43","slug":"russia-pode-estar-a-beira-de-conflito-direto-com-os-eua-segundo-chanceler-russo","status":"publish","type":"post","link":"https:\/\/tvbrazilusa.com\/pt\/2024\/11\/02\/russia-pode-estar-a-beira-de-conflito-direto-com-os-eua-segundo-chanceler-russo\/","title":{"rendered":"R\u00fassia pode estar \u00e0 beira de conflito direto com os EUA, segundo chanceler russo"},"content":{"rendered":"<p> <script async src=\"https:\/\/pagead2.googlesyndication.com\/pagead\/js\/adsbygoogle.js?client=ca-pub-8864793242727901\"\r\n     crossorigin=\"anonymous\"><\/script><br \/>\n<\/p>\n<div id=\"taboola-read-more\" style=\"display:block; width:100%\">\n<p>O chanceler da R\u00fassia, Sergey Lavrov, voltou a comentar a possibilidade de uma guerra entre R\u00fassia e Estados Unidos e afirmou que os dois pa\u00edses est\u00e3o \u201c\u00e0 beira de um confronto militar direto\u201d. A declara\u00e7\u00e3o ocorreu nesta sexta-feira (1\u00ba\/10) em entrevista ao jornal turco H\u00fcrriyet.\n<\/p>\n<p>Comentando as elei\u00e7\u00f5es presidenciais dos EUA no pr\u00f3ximo 5 de novembro, Lavrov disse que o pa\u00eds liderado por Vladimir Putin n\u00e3o tem prefer\u00eancia entre Kamala Harris ou Donald Trump, pois os dois candidatos, apesar de fazerem parte de lados antag\u00f4nicos, expressam opini\u00f5es e decis\u00f5es anti-R\u00fassia.<\/p>\n<p>Segundo o mais alto diplomata russo, a atual administra\u00e7\u00e3o de Joe Biden foi respons\u00e1vel por elevar a tens\u00e3o entre os dois pa\u00edses.\n<\/p>\n<p>\u201cN\u00e3o temos prefer\u00eancias. No passado, a administra\u00e7\u00e3o Trump foi a que introduziu o maior n\u00famero de san\u00e7\u00f5es anti-R\u00fassia em compara\u00e7\u00e3o com seus antecessores. Sob o atual presidente, que elevou a russofobia nos Estados Unidos ao limite, nossos pa\u00edses est\u00e3o se equilibrando \u00e0 beira de um confronto militar direito\u201d, declarou Lavrov.\n<\/p>\n<p>Apesar do momento, o chanceler russo destacou que o pa\u00eds est\u00e1 \u201cpronto para o di\u00e1logo\u201d quando Washington demonstrar \u201cinten\u00e7\u00f5es s\u00e9rias de negociar honestamente\u201d.\n<\/p>\n<p>Desde a explos\u00e3o da guerra na Ucr\u00e2nia, em 2022, R\u00fassia e EUA t\u00eam entrado em rota de colis\u00e3o por causa do apoio norte-americano ao pa\u00eds comandado por Volodymyr Zelensky.\n<\/p>\n<p>Fonte: Metr\u00f3poles              <\/p>\n<\/div>\n<p><br \/>\n<br \/><a href=\"https:\/\/diariodobrasilnoticias.com.br\/noticia\/russia-pode-estar-a-beira-de-conflito-direto-com-os-eua-segundo-chanceler-russo-67265051df7fd\">Source link <\/a><\/p>","protected":false},"excerpt":{"rendered":"<p>O chanceler da R\u00fassia, Sergey Lavrov, voltou a comentar a possibilidade de uma guerra entre R\u00fassia e Estados Unidos e afirmou que os dois pa\u00edses est\u00e3o \u201c\u00e0 beira de um&hellip;<\/p>","protected":false},"author":1,"featured_media":54272,"comment_status":"closed","ping_status":"open","sticky":false,"template":"","format":"standard","meta":{"content-type":"","footnotes":""},"categories":[16],"tags":[123,2448,5313,1267],"class_list":["post-54271","post","type-post","status-publish","format-standard","has-post-thumbnail","hentry","category-noticias","tag-brasil","tag-diario","tag-noticia","tag-noticias"],"_links":{"self":[{"href":"https:\/\/tvbrazilusa.com\/pt\/wp-json\/wp\/v2\/posts\/54271","targetHints":{"allow":["GET"]}}],"collection":[{"href":"https:\/\/tvbrazilusa.com\/pt\/wp-json\/wp\/v2\/posts"}],"about":[{"href":"https:\/\/tvbrazilusa.com\/pt\/wp-json\/wp\/v2\/types\/post"}],"author":[{"embeddable":true,"href":"https:\/\/tvbrazilusa.com\/pt\/wp-json\/wp\/v2\/users\/1"}],"replies":[{"embeddable":true,"href":"https:\/\/tvbrazilusa.com\/pt\/wp-json\/wp\/v2\/comments?post=54271"}],"version-history":[{"count":1,"href":"https:\/\/tvbrazilusa.com\/pt\/wp-json\/wp\/v2\/posts\/54271\/revisions"}],"predecessor-version":[{"id":54273,"href":"https:\/\/tvbrazilusa.com\/pt\/wp-json\/wp\/v2\/posts\/54271\/revisions\/54273"}],"wp:featuredmedia":[{"embeddable":true,"href":"https:\/\/tvbrazilusa.com\/pt\/wp-json\/wp\/v2\/media\/54272"}],"wp:attachment":[{"href":"https:\/\/tvbrazilusa.com\/pt\/wp-json\/wp\/v2\/media?parent=54271"}],"wp:term":[{"taxonomy":"category","embeddable":true,"href":"https:\/\/tvbrazilusa.com\/pt\/wp-json\/wp\/v2\/categories?post=54271"},{"taxonomy":"post_tag","embeddable":true,"href":"https:\/\/tvbrazilusa.com\/pt\/wp-json\/wp\/v2\/tags?post=54271"}],"curies":[{"name":"wp","href":"https:\/\/api.w.org\/{rel}","templated":true}]}}