{"id":54280,"date":"2024-11-02T21:03:09","date_gmt":"2024-11-02T21:03:09","guid":{"rendered":"https:\/\/tvbrazilusa.com\/2024\/11\/02\/venezuela-aumenta-criticas-e-diz-que-brasil\/"},"modified":"2024-11-02T21:03:10","modified_gmt":"2024-11-02T21:03:10","slug":"venezuela-aumenta-criticas-e-diz-que-brasil","status":"publish","type":"post","link":"https:\/\/tvbrazilusa.com\/pt\/2024\/11\/02\/venezuela-aumenta-criticas-e-diz-que-brasil\/","title":{"rendered":"Venezuela aumenta cr\u00edticas e diz que Brasil"},"content":{"rendered":"<p> <script async src=\"https:\/\/pagead2.googlesyndication.com\/pagead\/js\/adsbygoogle.js?client=ca-pub-8864793242727901\"\r\n     crossorigin=\"anonymous\"><\/script><br \/>\n<\/p>\n<p>O governo venezuelano voltou a criticar o Brasil neste s\u00e1bado, afirmando que o pa\u00eds comete uma &#8220;agress\u00e3o descarada e grosseira&#8221; contra o presidente <a class=\"class\" href=\"https:\/\/12ft.io\/proxy?q=https%3A%2F%2Foglobo.globo.com%2Ftudo-sobre%2Fpolitico%2Fnicolas-maduro%2F\" target=\"_parent\" rel=\"noopener\">Nicol\u00e1s Maduro<\/a> e promove uma &#8220;campanha sistem\u00e1tica e violadora dos princ\u00edpios&#8221; das Na\u00e7\u00f5es Unidas.<br \/>Na sexta-feira, o Minist\u00e9rio das Rela\u00e7\u00f5es Exteriores brasileiro <a class=\"class\" href=\"https:\/\/12ft.io\/proxy?q=https%3A%2F%2Foglobo.globo.com%2Fmundo%2Fnoticia%2F2024%2F11%2F01%2Fitamaraty-venezuela.ghtml\" target=\"_parent\" rel=\"noopener\">afirmou que o tom adotado pela Venezuela com o Brasil \u00e9 &#8220;ofensivo&#8221; e traz &#8220;ataques pessoais&#8221;<\/a>. Foi a primeira vez em que o governo brasileiro respondeu oficialmente desde o in\u00edcio da eleva\u00e7\u00e3o do tom de autoridades venezuelanas contra o Brasil e o presidente Luiz In\u00e1cio Lula da Silva.\n<\/p>\n<div data-block-type=\"unstyled\" data-block-weight=\"43\">\n<p class=\"content-text__container\" data-track-category=\"Link no Texto\" data-track-links=\"data-track-links\">Maduro passou a atacar duramente o Itamaraty e agentes do governo ap\u00f3s a reuni\u00e3o do bloco Brics (formado por Brasil, R\u00fassia, China, \u00cdndia e \u00c1frica do Sul) na R\u00fassia, na semana passada, quando a entrada da Venezuela no grupo foi barrada pelo Brasil.<\/p>\n<\/div>\n<div data-block-type=\"unstyled\" data-block-weight=\"72\">\n<p class=\"content-text__container\" data-track-category=\"Link no Texto\" data-track-links=\"data-track-links\">&#8220;O Itamaraty tem empreendido uma agress\u00e3o descarada e grosseira contra o Presidente Constitucional, Nicol\u00e1s Maduro Moros, contra as institui\u00e7\u00f5es e poderes p\u00fablicos e contra a sociedade venezuelana, em uma campanha sistem\u00e1tica e violadora dos princ\u00edpios da Carta das Na\u00e7\u00f5es Unidas, como a soberania nacional e a autodetermina\u00e7\u00e3o dos povos, inclusive violando a pr\u00f3pria Constitui\u00e7\u00e3o brasileira em seu mandato de n\u00e3o inger\u00eancia em assuntos internos dos estados&#8221;, diz o texto desse s\u00e1bado.<\/p>\n<p class=\"content-text__container\" data-track-category=\"Link no Texto\" data-track-links=\"data-track-links\">O globo\u00a0\n<\/p>\n<\/div>\n<p><br \/>\n<br \/><a href=\"https:\/\/diariodobrasilnoticias.com.br\/noticia\/venezuela-aumenta-criticas-e-diz-que-brasil-6726925cacebb\">Source link <\/a><\/p>","protected":false},"excerpt":{"rendered":"<p>O governo venezuelano voltou a criticar o Brasil neste s\u00e1bado, afirmando que o pa\u00eds comete uma &#8220;agress\u00e3o descarada e grosseira&#8221; contra o presidente Nicol\u00e1s Maduro e promove uma &#8220;campanha sistem\u00e1tica&hellip;<\/p>","protected":false},"author":1,"featured_media":54281,"comment_status":"closed","ping_status":"open","sticky":false,"template":"","format":"standard","meta":{"content-type":"","footnotes":""},"categories":[16],"tags":[123,2448,5313,1267],"class_list":["post-54280","post","type-post","status-publish","format-standard","has-post-thumbnail","hentry","category-noticias","tag-brasil","tag-diario","tag-noticia","tag-noticias"],"_links":{"self":[{"href":"https:\/\/tvbrazilusa.com\/pt\/wp-json\/wp\/v2\/posts\/54280","targetHints":{"allow":["GET"]}}],"collection":[{"href":"https:\/\/tvbrazilusa.com\/pt\/wp-json\/wp\/v2\/posts"}],"about":[{"href":"https:\/\/tvbrazilusa.com\/pt\/wp-json\/wp\/v2\/types\/post"}],"author":[{"embeddable":true,"href":"https:\/\/tvbrazilusa.com\/pt\/wp-json\/wp\/v2\/users\/1"}],"replies":[{"embeddable":true,"href":"https:\/\/tvbrazilusa.com\/pt\/wp-json\/wp\/v2\/comments?post=54280"}],"version-history":[{"count":1,"href":"https:\/\/tvbrazilusa.com\/pt\/wp-json\/wp\/v2\/posts\/54280\/revisions"}],"predecessor-version":[{"id":54282,"href":"https:\/\/tvbrazilusa.com\/pt\/wp-json\/wp\/v2\/posts\/54280\/revisions\/54282"}],"wp:featuredmedia":[{"embeddable":true,"href":"https:\/\/tvbrazilusa.com\/pt\/wp-json\/wp\/v2\/media\/54281"}],"wp:attachment":[{"href":"https:\/\/tvbrazilusa.com\/pt\/wp-json\/wp\/v2\/media?parent=54280"}],"wp:term":[{"taxonomy":"category","embeddable":true,"href":"https:\/\/tvbrazilusa.com\/pt\/wp-json\/wp\/v2\/categories?post=54280"},{"taxonomy":"post_tag","embeddable":true,"href":"https:\/\/tvbrazilusa.com\/pt\/wp-json\/wp\/v2\/tags?post=54280"}],"curies":[{"name":"wp","href":"https:\/\/api.w.org\/{rel}","templated":true}]}}