{"id":54283,"date":"2024-11-02T21:16:11","date_gmt":"2024-11-02T21:16:11","guid":{"rendered":"https:\/\/tvbrazilusa.com\/2024\/11\/02\/airbus-diz-que-entrega-de-novo-aerolula-demorara-2-anos\/"},"modified":"2024-11-02T21:16:12","modified_gmt":"2024-11-02T21:16:12","slug":"airbus-diz-que-entrega-de-novo-aerolula-demorara-2-anos","status":"publish","type":"post","link":"https:\/\/tvbrazilusa.com\/pt\/2024\/11\/02\/airbus-diz-que-entrega-de-novo-aerolula-demorara-2-anos\/","title":{"rendered":"Airbus diz que entrega de novo \u2018Aerolula\u2019 demorar\u00e1 2 anos"},"content":{"rendered":"<p> <script async src=\"https:\/\/pagead2.googlesyndication.com\/pagead\/js\/adsbygoogle.js?client=ca-pub-8864793242727901\"\r\n     crossorigin=\"anonymous\"><\/script><br \/>\n<\/p>\n<div id=\"taboola-read-more\" style=\"display:block; width:100%\">\n<p>O presidente Luiz In\u00e1cio Lula da Silva (PT) determinou que o Minist\u00e9rio da Defesa, chefiado por Jos\u00e9 M\u00facio Monteiro, d\u00ea urg\u00eancia \u00e0 compra de um novo avi\u00e3o presidencial. O modelo usado atualmente apresentou problemas na volta do petista de uma viagem ao M\u00e9xico em outubro. A empresa consultada para a compra do equipamento foi a Airbus (formada por um cons\u00f3rcio de v\u00e1rios pa\u00edses europeus). No entanto, a resposta foi decepcionante: a entrega demoraria cerca de 2 anos e o avi\u00e3o s\u00f3 ficaria dispon\u00edvel a partir de 2027.\n<\/p>\n<p>A op\u00e7\u00e3o seria Lula aceitar a compra de algum avi\u00e3o de 2\u00aa m\u00e3o dispon\u00edvel no mercado, j\u00e1 adaptado para acomodar autoridades. Caso contr\u00e1rio, s\u00f3 usufruiria da nova aeronave em uma eventual reelei\u00e7\u00e3o. A exig\u00eancia do Pal\u00e1cio do Planalto \u00e9 que o avi\u00e3o tenha autonomia maior do que a do atual, que para destinos na Europa ou nos Estados Unidos, por exemplo, precisa parar para reabastecer. Tamb\u00e9m \u00e9 preciso ter sala de reuni\u00f5es ampla, internet de alta velocidade, possibilidade de ser reabastecido em voo, quarto de casal e banheiro com chuveiro.<\/p>\n<p>H\u00e1 avi\u00f5es usados no mercado j\u00e1 com configura\u00e7\u00f5es semelhantes, sobretudo de pa\u00edses \u00e1rabes do Oriente M\u00e9dio, cujos governantes trocam com frequ\u00eancia de equipamento. Lula n\u00e3o se interessou em princ\u00edpio. Mas h\u00e1 um impasse porque, se for esperar um novo avi\u00e3o, n\u00e3o ser\u00e1 para o atual mandato do petista.\n<\/p>\n<p>O ministro da Defesa est\u00e1 com a miss\u00e3o de atender a essa demanda. A decis\u00e3o de Lula j\u00e1 foi tomada sobre a compra. Mas agora depende do que o presidente vai dizer a respeito de adquirir um avi\u00e3o usado ou esperar 2 anos para a entrega da encomenda.\n<\/p>\n<p>\u00c0 r\u00e1dio O Povo\/CBN, de Fortaleza (CE), em 11 de outubro, Lula confirmou a inten\u00e7\u00e3o de comprar um novo avi\u00e3o presidencial e indicou que gostaria de adquirir outros para viagens de ministros. Disse que a nova compra n\u00e3o \u00e9 privil\u00e9gio seu, mas seguran\u00e7a para integrantes do governo.\n<\/p>\n<p>\u201cDesse problema tiramos uma li\u00e7\u00e3o. Vamos comprar n\u00e3o apenas um avi\u00e3o, mas alguns avi\u00f5es. O Brasil \u00e9 um pa\u00eds grande com 8 milh\u00f5es de km\u00b2, com 360 mil km de florestas tropicais, com 8.000 km de fronteiras mar\u00edtimas, com 5 milh\u00f5es de km\u00b2 de \u00e1gua que \u00e9 responsabilidade do Brasil. N\u00f3s precisamos nos preparar, n\u00e3o podemos ser pegos de surpresa\u201d, disse na entrevista.\n<\/p>\n<p>O petista j\u00e1 queria trocar de avi\u00e3o no in\u00edcio do seu governo, em 2023. Quando havia feito 10 viagens internacionais, em maio do ano passado, Lula pediu \u00e0 Defesa que viabilizasse uma nova op\u00e7\u00e3o de aeronave. Algumas das viagens que havia realizado duraram mais de 25 horas por causa de paradas necess\u00e1rias durante o trajeto, quando foi, por exemplo, \u00e0 China e ao Jap\u00e3o.\n<\/p>\n<p>Inicialmente, cogitou-se adaptar um dos Airbus A330-200 comprados em 2022 pelo ent\u00e3o presidente Jair Bolsonaro (PL) por US$ 80 milh\u00f5es (cerca de R$ 400 milh\u00f5es pela taxa de c\u00e2mbio atual), da companhia a\u00e9rea Azul. A ideia, por\u00e9m, foi deixada de lado por causa do alto custo para instalar o sistema de internet a bordo. O Planalto chegou \u00e0 conclus\u00e3o na \u00e9poca de que o timing era ruim, no momento em que a equipe econ\u00f4mica falava em controle de gastos.\n<\/p>\n<p><strong>AEROLULA<\/strong>\n<\/p>\n<p>O Airbus A319CJ, identificado pela FAB (For\u00e7a A\u00e9rea Brasileira) como VC-1A, foi comprado em 2005 por US$ 56,7 milh\u00f5es (US$ 91,7 milh\u00f5es, em valores atualizados, o equivalente a R$ 500 milh\u00f5es). Tem autonomia de voo de 8.500 km. Na entrevista \u00e0 O Povo\/CBN, Lula disse ter superado o apelido que foi dado \u00e0 aeronave de forma pejorativa: Aerolula.\n<\/p>\n<p>\u201cQuando comprei esse avi\u00e3o, era o mais pequeno (sic) da Airbus, comprei o mais barato e o menor. Mesmo assim o [Leonel] Brizola [ex-governador do Rio de Janeiro e do Rio Grande do Sul] cunhou como o Aerolula. Como se o avi\u00e3o fosse um privil\u00e9gio do presidente. Eu superei isso. Um presidente tem que se respeitar, uma institui\u00e7\u00e3o tem que se respeitar. N\u00e3o precisa um presidente correr riscos\u201d, disse.\n<\/p>\n<p>Atualmente, o Aerolula conta com uma cabine presidencial equipada com cama e um banheiro privativo para o presidente e a primeira-dama, Janja Lula da Silva. H\u00e1 tamb\u00e9m uma \u00e1rea reservada com duas mesas e 8 lugares. Ali, o presidente pode ter conversas privadas durante o voo. H\u00e1 ainda 16 poltronas para levar as principais autoridades que acompanham o presidente e a tripula\u00e7\u00e3o.\n<\/p>\n<p><strong>Mais convidados em viagens<\/strong>\n<\/p>\n<p>Lula quer aumentar o n\u00famero de convidados em viagens, especialmente deputados e senadores, para se aproximar do Congresso e para prestigiar aliados. Um avi\u00e3o maior ser\u00e1 \u00fatil para essa estrat\u00e9gia.\n<\/p>\n<p>H\u00e1 tamb\u00e9m reclama\u00e7\u00f5es sobre o desconforto da atual aeronave, que \u00e9 considerada pequena por Janja. A primeira-dama tamb\u00e9m j\u00e1 demonstrou irrita\u00e7\u00e3o com o n\u00famero de escalas t\u00e9cnicas necess\u00e1rias em longas viagens. O futuro avi\u00e3o j\u00e1 ganhou um apelido em Bras\u00edlia. \u00c9 tratado por pol\u00edticos como \u201cAerojanja\u201d.\n<\/p>\n<\/p>\n<p>Desde o in\u00edcio de seu 3\u00ba mandato, o presidente j\u00e1 fez 23 viagens internacionais. Para o governo, um avi\u00e3o com maior autonomia economizaria tempo no deslocamento, j\u00e1 que precisaria fazer menos escalas. As paradas costumam ser mais demoradas do que em voos comerciais, em raz\u00e3o do abastecimento de combust\u00edvel e da checagem de seguran\u00e7a.\n<\/p>\n<p><strong>Poder 360<\/strong>              <\/p>\n<\/div>\n<p><br \/>\n<br \/><a href=\"https:\/\/diariodobrasilnoticias.com.br\/noticia\/airbus-diz-que-entrega-de-novo-aerolula-demorara-2-anos-6726710f634ff\">Source link <\/a><\/p>","protected":false},"excerpt":{"rendered":"<p>O presidente Luiz In\u00e1cio Lula da Silva (PT) determinou que o Minist\u00e9rio da Defesa, chefiado por Jos\u00e9 M\u00facio Monteiro, d\u00ea urg\u00eancia \u00e0 compra de um novo avi\u00e3o presidencial. O modelo&hellip;<\/p>","protected":false},"author":1,"featured_media":50382,"comment_status":"closed","ping_status":"open","sticky":false,"template":"","format":"standard","meta":{"content-type":"","footnotes":""},"categories":[16],"tags":[123,2448,5313,1267],"class_list":["post-54283","post","type-post","status-publish","format-standard","has-post-thumbnail","hentry","category-noticias","tag-brasil","tag-diario","tag-noticia","tag-noticias"],"_links":{"self":[{"href":"https:\/\/tvbrazilusa.com\/pt\/wp-json\/wp\/v2\/posts\/54283","targetHints":{"allow":["GET"]}}],"collection":[{"href":"https:\/\/tvbrazilusa.com\/pt\/wp-json\/wp\/v2\/posts"}],"about":[{"href":"https:\/\/tvbrazilusa.com\/pt\/wp-json\/wp\/v2\/types\/post"}],"author":[{"embeddable":true,"href":"https:\/\/tvbrazilusa.com\/pt\/wp-json\/wp\/v2\/users\/1"}],"replies":[{"embeddable":true,"href":"https:\/\/tvbrazilusa.com\/pt\/wp-json\/wp\/v2\/comments?post=54283"}],"version-history":[{"count":1,"href":"https:\/\/tvbrazilusa.com\/pt\/wp-json\/wp\/v2\/posts\/54283\/revisions"}],"predecessor-version":[{"id":54284,"href":"https:\/\/tvbrazilusa.com\/pt\/wp-json\/wp\/v2\/posts\/54283\/revisions\/54284"}],"wp:featuredmedia":[{"embeddable":true,"href":"https:\/\/tvbrazilusa.com\/pt\/wp-json\/wp\/v2\/media\/50382"}],"wp:attachment":[{"href":"https:\/\/tvbrazilusa.com\/pt\/wp-json\/wp\/v2\/media?parent=54283"}],"wp:term":[{"taxonomy":"category","embeddable":true,"href":"https:\/\/tvbrazilusa.com\/pt\/wp-json\/wp\/v2\/categories?post=54283"},{"taxonomy":"post_tag","embeddable":true,"href":"https:\/\/tvbrazilusa.com\/pt\/wp-json\/wp\/v2\/tags?post=54283"}],"curies":[{"name":"wp","href":"https:\/\/api.w.org\/{rel}","templated":true}]}}