{"id":54285,"date":"2024-11-02T21:31:31","date_gmt":"2024-11-02T21:31:31","guid":{"rendered":"https:\/\/tvbrazilusa.com\/2024\/11\/02\/trio-e-preso-por-roubo-de-ultrassons-avaliados-em-r-456-mil\/"},"modified":"2024-11-02T21:31:32","modified_gmt":"2024-11-02T21:31:32","slug":"trio-e-preso-por-roubo-de-ultrassons-avaliados-em-r-456-mil","status":"publish","type":"post","link":"https:\/\/tvbrazilusa.com\/pt\/2024\/11\/02\/trio-e-preso-por-roubo-de-ultrassons-avaliados-em-r-456-mil\/","title":{"rendered":"Trio \u00e9 Preso por roubo de ultrassons avaliados em R$ 456 mil"},"content":{"rendered":"<p> <script async src=\"https:\/\/pagead2.googlesyndication.com\/pagead\/js\/adsbygoogle.js?client=ca-pub-8864793242727901\"\r\n     crossorigin=\"anonymous\"><\/script><br \/>\n<\/p>\n<div id=\"taboola-read-more\" style=\"display:block; width:100%\">\n<p>Tr\u00eas integrantes de uma quadrilha especializada em furtos de equipamentos m\u00e9dicos foram presos em Florian\u00f3polis, ap\u00f3s invadir e roubar aparelhos de ultrassom do Hospital Governador Celso Ramos. Os suspeitos \u2014 dois homens e uma mulher de nacionalidade colombiana \u2014 agiram na manh\u00e3 de sexta-feira (1\u00ba) e levaram quatro aparelhos avaliados em R$ 114 mil cada, que juntos somam R$ 456 mil. O destino dos equipamentos seria a revenda no mercado clandestino, onde seriam oferecidos a valores bem inferiores, entre R$ 4 mil e R$ 5 mil cada.<br \/>O furto ocorreu por volta das 8h da manh\u00e3, quando o grupo conseguiu entrar na unidade hospitalar e furtar os equipamentos essenciais para exames m\u00e9dicos. Com a pris\u00e3o dos suspeitos realizada na manh\u00e3 deste s\u00e1bado (2), em uma pousada na Barra da Lagoa, a pol\u00edcia encerrou uma a\u00e7\u00e3o que abalou o sistema de sa\u00fade local, afetando principalmente pacientes que necessitam de ultrassom para bi\u00f3psias e exames de pr\u00f3stata.<\/p>\n<p>Segundo a investiga\u00e7\u00e3o, essa n\u00e3o foi a primeira vez que a quadrilha atuou no hospital. No dia anterior, quinta-feira (31), os criminosos j\u00e1 haviam furtado dois outros aparelhos, prejudicando ainda mais o atendimento. O diretor do hospital, Michel Faraco, expressou profunda preocupa\u00e7\u00e3o com a situa\u00e7\u00e3o, destacando que a perda desses equipamentos impacta diretamente o atendimento a pacientes, pois os ultrassons s\u00e3o essenciais para o diagn\u00f3stico e o tratamento de v\u00e1rias condi\u00e7\u00f5es.<\/p>\n<p>A pol\u00edcia revelou que a quadrilha faz parte de um esquema internacional especializado em roubos de equipamentos m\u00e9dicos, uma pr\u00e1tica que vem crescendo devido \u00e0 alta demanda por esses aparelhos no mercado negro. Os suspeitos ser\u00e3o julgados no Brasil, enfrentando penas que podem somar entre 2 e 8 anos para cada equipamento furtado, al\u00e9m de 1 a 3 anos por forma\u00e7\u00e3o de organiza\u00e7\u00e3o criminosa. Ap\u00f3s o cumprimento da pena, o trio dever\u00e1 ser extraditado.\n<\/p>\n<p>A a\u00e7\u00e3o r\u00e1pida da pol\u00edcia e o trabalho de intelig\u00eancia foram fundamentais para a captura dos suspeitos e a recupera\u00e7\u00e3o dos equipamentos furtados. Essa ocorr\u00eancia serve de alerta para refor\u00e7ar a seguran\u00e7a em institui\u00e7\u00f5es de sa\u00fade, principalmente em hospitais de grande porte como o Governador Celso Ramos, onde os equipamentos s\u00e3o alvos de quadrilhas especializadas.\n<\/p>\n<p>Agorafloripa\u00a0\n              <\/p>\n<\/div>\n<p><br \/>\n<br \/><a href=\"https:\/\/diariodobrasilnoticias.com.br\/noticia\/trio-e-preso-por-roubo-de-ultrassons-avaliados-em-r-456-mil-67269364c031a\">Source link <\/a><\/p>","protected":false},"excerpt":{"rendered":"<p>Tr\u00eas integrantes de uma quadrilha especializada em furtos de equipamentos m\u00e9dicos foram presos em Florian\u00f3polis, ap\u00f3s invadir e roubar aparelhos de ultrassom do Hospital Governador Celso Ramos. Os suspeitos \u2014&hellip;<\/p>","protected":false},"author":1,"featured_media":54286,"comment_status":"closed","ping_status":"open","sticky":false,"template":"","format":"standard","meta":{"content-type":"","footnotes":""},"categories":[16],"tags":[123,2448,5313,1267],"class_list":["post-54285","post","type-post","status-publish","format-standard","has-post-thumbnail","hentry","category-noticias","tag-brasil","tag-diario","tag-noticia","tag-noticias"],"_links":{"self":[{"href":"https:\/\/tvbrazilusa.com\/pt\/wp-json\/wp\/v2\/posts\/54285","targetHints":{"allow":["GET"]}}],"collection":[{"href":"https:\/\/tvbrazilusa.com\/pt\/wp-json\/wp\/v2\/posts"}],"about":[{"href":"https:\/\/tvbrazilusa.com\/pt\/wp-json\/wp\/v2\/types\/post"}],"author":[{"embeddable":true,"href":"https:\/\/tvbrazilusa.com\/pt\/wp-json\/wp\/v2\/users\/1"}],"replies":[{"embeddable":true,"href":"https:\/\/tvbrazilusa.com\/pt\/wp-json\/wp\/v2\/comments?post=54285"}],"version-history":[{"count":1,"href":"https:\/\/tvbrazilusa.com\/pt\/wp-json\/wp\/v2\/posts\/54285\/revisions"}],"predecessor-version":[{"id":54287,"href":"https:\/\/tvbrazilusa.com\/pt\/wp-json\/wp\/v2\/posts\/54285\/revisions\/54287"}],"wp:featuredmedia":[{"embeddable":true,"href":"https:\/\/tvbrazilusa.com\/pt\/wp-json\/wp\/v2\/media\/54286"}],"wp:attachment":[{"href":"https:\/\/tvbrazilusa.com\/pt\/wp-json\/wp\/v2\/media?parent=54285"}],"wp:term":[{"taxonomy":"category","embeddable":true,"href":"https:\/\/tvbrazilusa.com\/pt\/wp-json\/wp\/v2\/categories?post=54285"},{"taxonomy":"post_tag","embeddable":true,"href":"https:\/\/tvbrazilusa.com\/pt\/wp-json\/wp\/v2\/tags?post=54285"}],"curies":[{"name":"wp","href":"https:\/\/api.w.org\/{rel}","templated":true}]}}