{"id":54301,"date":"2024-11-02T22:28:21","date_gmt":"2024-11-02T22:28:21","guid":{"rendered":"https:\/\/tvbrazilusa.com\/2024\/11\/02\/presidente-da-petrobras-coloca-no-radar-exploracao-no-foz-do-amazonas\/"},"modified":"2024-11-02T22:28:22","modified_gmt":"2024-11-02T22:28:22","slug":"presidente-da-petrobras-coloca-no-radar-exploracao-no-foz-do-amazonas","status":"publish","type":"post","link":"https:\/\/tvbrazilusa.com\/pt\/2024\/11\/02\/presidente-da-petrobras-coloca-no-radar-exploracao-no-foz-do-amazonas\/","title":{"rendered":"Presidente da Petrobras coloca no radar explora\u00e7\u00e3o no Foz do Amazonas"},"content":{"rendered":"<p> <script async src=\"https:\/\/pagead2.googlesyndication.com\/pagead\/js\/adsbygoogle.js?client=ca-pub-8864793242727901\"\r\n     crossorigin=\"anonymous\"><\/script><br \/>\n<\/p>\n<div id=\"taboola-read-more\" style=\"display:block; width:100%\">\n<p>A presidente da <a href=\"https:\/\/noticias.r7.com\/record-news\/record-news-rural\/video\/construcao-de-nova-fabrica-de-fertilizantes-da-petrobras-e-retomada-no-mato-grosso-do-sul-31102024\/\" target=\"_blank\" rel=\"noopener noreferrer\"><strong>Petrobras<\/strong><\/a>, Magda Chambriard, se reuniu nesta sexta-feira (1\u00ba) com pol\u00edticos do Amap\u00e1 na sede da empresa, no centro do Rio de Janeiro. A Petrobras pleiteia libera\u00e7\u00e3o do Ibama para perfurar po\u00e7o explorat\u00f3rio no litoral do Estado, no bloco FZA-M-59, que pertence \u00e0 bacia da<a href=\"https:\/\/noticias.r7.com\/brasilia\/petrobras-diz-que-esta-otimista-com-eventual-perfuracao-de-petroleo-na-foz-do-amazonas-31102024\/\" target=\"_blank\" rel=\"noopener noreferrer\"><strong> Foz do Amazonas, <\/strong><\/a>uma das cinco que formam a Margem Equatorial. Segundo a estatal, estiveram no<a href=\"https:\/\/noticias.r7.com\/brasilia\/ibama-pede-mais-informacoes-da-petrobras-sobre-exploracao-na-foz-do-amazonas-30102024\/\" target=\"_blank\" rel=\"noopener noreferrer\"><strong> encontro<\/strong><\/a> o governador do Amap\u00e1, Cl\u00e9cio Luis, e os senadores eleitos pelo estado: Davi Alcolumbre (Uni\u00e3o Brasil) e Randolfe Rodrigues (PT).<\/p>\n<p class=\"dark:base-text-neutral-high-400 base-text-[calc(theme(fontSize.xs)_*_var(--font-size,_1))] base-font-normal base-font-primary base-text-neutral-low-500 base-text-left\"><span class=\"b-article-body__text\">Todos do grupo s\u00e3o favor\u00e1veis \u00e0 atividade da Petrobras no estado, como demonstrado desde o ano passado, quando o impasse se instalou. Alcolumbre tem dado declara\u00e7\u00f5es p\u00fablicas sugerindo que o Ibama tem \u201cboicotado\u201d a explora\u00e7\u00e3o da Margem Equatorial.<\/span><\/p>\n<p>\u00a0<\/p>\n<p class=\"dark:base-text-neutral-high-400 base-text-[calc(theme(fontSize.xs)_*_var(--font-size,_1))] base-font-normal base-font-primary base-text-neutral-low-500 base-text-left\"><span class=\"b-article-body__text\">Um ano e meio ap\u00f3s a primeira negativa da licen\u00e7a, o Ibama voltou a sinalizar o indeferimento em parecer t\u00e9cnico. Antes de acolher a recomenda\u00e7\u00e3o, o presidente do Ibama, Rodrigo Agostinho, optou por pedir mais esclarecimentos \u00e0 Petrobras, em demonstra\u00e7\u00e3o de boa vontade pol\u00edtica. Apesar disso, na quinta-feira (31), a diretora de Explora\u00e7\u00e3o e Produ\u00e7\u00e3o da Petrobras, Sylvia dos Anjos, se disse otimista e afirmou que a licen\u00e7a \u201cn\u00e3o deve demorar muito mais tempo\u201d para ser emitida.<\/span>\n<\/p>\n<p class=\"dark:base-text-neutral-high-400 base-text-[calc(theme(fontSize.xs)_*_var(--font-size,_1))] base-font-normal base-font-primary base-text-neutral-low-500 base-text-left\"><span class=\"b-article-body__text\">Longe do consenso dentro do governo, a quest\u00e3o op\u00f5e os minist\u00e9rios do Meio Ambiente e de Minas e Energia, e j\u00e1 contou com a \u201carbitragem\u201d da Advocacia Geral da Uni\u00e3o (AGU), que tem emitido pareceres favor\u00e1veis \u00e0 estatal. O pr\u00f3prio presidente Lula j\u00e1 falou mais de uma vez em prol da perfura\u00e7\u00e3o no Amap\u00e1, sob o argumento da grande dist\u00e2ncia da costa, mais de 500 quil\u00f4metros, mas n\u00e3o tem mais abordado o assunto diretamente.<\/span>\n<\/p>\n<p class=\"dark:base-text-neutral-high-400 base-text-[calc(theme(fontSize.xs)_*_var(--font-size,_1))] base-font-normal base-font-primary base-text-neutral-low-500 base-text-left\"><span class=\"b-article-body__text\">No encontro com a presidente da Petrobras, o governador Cl\u00e9cio Lu\u00eds defendeu a atua\u00e7\u00e3o futura da empresa no estado e afirmou que seu governo est\u00e1 \u201cao lado da Petrobras para fazer o que for necess\u00e1rio\u201d. Ele sublinhou a import\u00e2ncia da busca por petr\u00f3leo no litoral do estado e a potencial gera\u00e7\u00e3o de emprego e renda associada \u00e0 atividade. J\u00e1 Randolfe Rodrigues definiu a reuni\u00e3o como uma demonstra\u00e7\u00e3o de apoio \u00e0 Petrobras na quest\u00e3o da Margem Equatorial.<\/span>\n<\/p>\n<p class=\"dark:base-text-neutral-high-400 base-text-[calc(theme(fontSize.xs)_*_var(--font-size,_1))] base-font-normal base-font-primary base-text-neutral-low-500 base-text-left\"><span class=\"b-article-body__text\">No encontro, informou a Petrobras, Magda reiterou o interesse da Petrobras na \u201cpesquisa e busca por riquezas no estado do Amap\u00e1\u201d e o intuito de beneficiar a popula\u00e7\u00e3o local com as atividades da empresa no estado, al\u00e9m das receitas especiais do petr\u00f3leo.<\/span>\n<\/p>\n<p>\u00a0<\/p>\n<div class=\"b-article-tags-container\">\n<ul class=\"b-article-tags-list\">\n<li class=\"b-article-tags-item\">BRAS\u00cdLIA<\/li>\n<li class=\"b-article-tags-item\">PETROBRAS<\/li>\n<li class=\"b-article-tags-item\">EXPLORA\u00c7\u00c3O DE PETR\u00d3LEO<\/li>\n<li class=\"b-article-tags-item\">EXPLORA\u00c7\u00c3O NO AMAP\u00c1<\/li>\n<li class=\"b-article-tags-item\">FOZ DO AMAZONAS<\/li>\n<li class=\"b-article-tags-item\">LIBERA\u00c7\u00c3O DO IBAMA<\/li>\n<\/ul>\n<\/div><\/div>\n<p><br \/>\n<br \/><a href=\"https:\/\/diariodobrasilnoticias.com.br\/noticia\/presidente-da-petrobras-coloca-no-radar-exploracao-no-foz-do-amazonas-67269ece871f2\">Source link <\/a><\/p>","protected":false},"excerpt":{"rendered":"<p>A presidente da Petrobras, Magda Chambriard, se reuniu nesta sexta-feira (1\u00ba) com pol\u00edticos do Amap\u00e1 na sede da empresa, no centro do Rio de Janeiro. A Petrobras pleiteia libera\u00e7\u00e3o do&hellip;<\/p>","protected":false},"author":1,"featured_media":54302,"comment_status":"closed","ping_status":"open","sticky":false,"template":"","format":"standard","meta":{"content-type":"","footnotes":""},"categories":[16],"tags":[123,2448,5313,1267],"class_list":["post-54301","post","type-post","status-publish","format-standard","has-post-thumbnail","hentry","category-noticias","tag-brasil","tag-diario","tag-noticia","tag-noticias"],"_links":{"self":[{"href":"https:\/\/tvbrazilusa.com\/pt\/wp-json\/wp\/v2\/posts\/54301","targetHints":{"allow":["GET"]}}],"collection":[{"href":"https:\/\/tvbrazilusa.com\/pt\/wp-json\/wp\/v2\/posts"}],"about":[{"href":"https:\/\/tvbrazilusa.com\/pt\/wp-json\/wp\/v2\/types\/post"}],"author":[{"embeddable":true,"href":"https:\/\/tvbrazilusa.com\/pt\/wp-json\/wp\/v2\/users\/1"}],"replies":[{"embeddable":true,"href":"https:\/\/tvbrazilusa.com\/pt\/wp-json\/wp\/v2\/comments?post=54301"}],"version-history":[{"count":1,"href":"https:\/\/tvbrazilusa.com\/pt\/wp-json\/wp\/v2\/posts\/54301\/revisions"}],"predecessor-version":[{"id":54303,"href":"https:\/\/tvbrazilusa.com\/pt\/wp-json\/wp\/v2\/posts\/54301\/revisions\/54303"}],"wp:featuredmedia":[{"embeddable":true,"href":"https:\/\/tvbrazilusa.com\/pt\/wp-json\/wp\/v2\/media\/54302"}],"wp:attachment":[{"href":"https:\/\/tvbrazilusa.com\/pt\/wp-json\/wp\/v2\/media?parent=54301"}],"wp:term":[{"taxonomy":"category","embeddable":true,"href":"https:\/\/tvbrazilusa.com\/pt\/wp-json\/wp\/v2\/categories?post=54301"},{"taxonomy":"post_tag","embeddable":true,"href":"https:\/\/tvbrazilusa.com\/pt\/wp-json\/wp\/v2\/tags?post=54301"}],"curies":[{"name":"wp","href":"https:\/\/api.w.org\/{rel}","templated":true}]}}