{"id":54313,"date":"2024-11-02T23:30:54","date_gmt":"2024-11-02T23:30:54","guid":{"rendered":"https:\/\/tvbrazilusa.com\/2024\/11\/02\/um-ferido-em-incendio-na-cozinha-de-norwich\/"},"modified":"2024-11-02T23:33:14","modified_gmt":"2024-11-02T23:33:14","slug":"um-ferido-em-incendio-na-cozinha-de-norwich","status":"publish","type":"post","link":"https:\/\/tvbrazilusa.com\/pt\/2024\/11\/02\/um-ferido-em-incendio-na-cozinha-de-norwich\/","title":{"rendered":"Um ferido em inc\u00eandio na cozinha de Norwich"},"content":{"rendered":"<script async src=\"https:\/\/pagead2.googlesyndication.com\/pagead\/js\/adsbygoogle.js?client=ca-pub-8864793242727901\"\r\n     crossorigin=\"anonymous\"><\/script>\n<p>NORWICH, Connecticut (WTNH) \u2013 Uma pessoa ficou ferida em um inc\u00eandio em uma casa em Norwich na tarde de s\u00e1bado, de acordo com o Corpo de Bombeiros de Norwich. <\/p>\n<p>\u00c0s 15h26, os bombeiros de Norwich chegaram \u00e0 11 Third St. para receber relatos de um inc\u00eandio na cozinha de uma casa de uma \u00fanica fam\u00edlia. Eles encontraram fogo saindo das janelas do primeiro andar do pr\u00e9dio de 1,5 andar. <\/p>\n<p>Havia um ocupante na casa no momento do inc\u00eandio. Eles sofreram ferimentos leves e foram atendidos no local. <\/p>\n<p>Foram necess\u00e1rios 45 minutos para controlar o fogo. As origens do inc\u00eandio est\u00e3o atualmente sob investiga\u00e7\u00e3o pelo Gabinete dos Bombeiros de Norwich.<\/p>\n<p><br \/>\n<br \/><a href=\"https:\/\/www.wtnh.com\/news\/connecticut\/new-haven\/1-injured-in-norwich-kitchen-fire\/\">Source link <\/a><\/p>","protected":false},"excerpt":{"rendered":"<p>NORWICH, Connecticut (WTNH) \u2013 Uma pessoa ficou ferida em um inc\u00eandio em uma casa em Norwich na tarde de s\u00e1bado, de acordo com o Corpo de Bombeiros de Norwich. \u00c0s&hellip;<\/p>","protected":false},"author":1,"featured_media":54314,"comment_status":"closed","ping_status":"open","sticky":false,"template":"","format":"standard","meta":{"content-type":"","footnotes":""},"categories":[1],"tags":[],"class_list":["post-54313","post","type-post","status-publish","format-standard","has-post-thumbnail","hentry","category-uncategorized"],"_links":{"self":[{"href":"https:\/\/tvbrazilusa.com\/pt\/wp-json\/wp\/v2\/posts\/54313","targetHints":{"allow":["GET"]}}],"collection":[{"href":"https:\/\/tvbrazilusa.com\/pt\/wp-json\/wp\/v2\/posts"}],"about":[{"href":"https:\/\/tvbrazilusa.com\/pt\/wp-json\/wp\/v2\/types\/post"}],"author":[{"embeddable":true,"href":"https:\/\/tvbrazilusa.com\/pt\/wp-json\/wp\/v2\/users\/1"}],"replies":[{"embeddable":true,"href":"https:\/\/tvbrazilusa.com\/pt\/wp-json\/wp\/v2\/comments?post=54313"}],"version-history":[{"count":1,"href":"https:\/\/tvbrazilusa.com\/pt\/wp-json\/wp\/v2\/posts\/54313\/revisions"}],"predecessor-version":[{"id":54315,"href":"https:\/\/tvbrazilusa.com\/pt\/wp-json\/wp\/v2\/posts\/54313\/revisions\/54315"}],"wp:featuredmedia":[{"embeddable":true,"href":"https:\/\/tvbrazilusa.com\/pt\/wp-json\/wp\/v2\/media\/54314"}],"wp:attachment":[{"href":"https:\/\/tvbrazilusa.com\/pt\/wp-json\/wp\/v2\/media?parent=54313"}],"wp:term":[{"taxonomy":"category","embeddable":true,"href":"https:\/\/tvbrazilusa.com\/pt\/wp-json\/wp\/v2\/categories?post=54313"},{"taxonomy":"post_tag","embeddable":true,"href":"https:\/\/tvbrazilusa.com\/pt\/wp-json\/wp\/v2\/tags?post=54313"}],"curies":[{"name":"wp","href":"https:\/\/api.w.org\/{rel}","templated":true}]}}