{"id":54328,"date":"2024-11-03T02:58:17","date_gmt":"2024-11-03T02:58:17","guid":{"rendered":"https:\/\/tvbrazilusa.com\/2024\/11\/03\/duas-pessoas-resgatadas-de-incendio-em-casa-em-new-haven\/"},"modified":"2024-11-03T03:06:02","modified_gmt":"2024-11-03T03:06:02","slug":"duas-pessoas-resgatadas-de-incendio-em-casa-em-new-haven","status":"publish","type":"post","link":"https:\/\/tvbrazilusa.com\/pt\/2024\/11\/03\/duas-pessoas-resgatadas-de-incendio-em-casa-em-new-haven\/","title":{"rendered":"Duas pessoas resgatadas de inc\u00eandio em casa em New Haven"},"content":{"rendered":"<script async src=\"https:\/\/pagead2.googlesyndication.com\/pagead\/js\/adsbygoogle.js?client=ca-pub-8864793242727901\"\r\n     crossorigin=\"anonymous\"><\/script>\n<p>NEW HAVEN, Connecticut (WTNH) \u2013 Duas pessoas foram resgatadas de uma resid\u00eancia em chamas em New Haven na noite de s\u00e1bado, de acordo com o Corpo de Bombeiros. <\/p>\n<p>\u00c0s 20h19, as equipes do NHFD foram chamadas para a Avenida Howard, 526. Quando chegaram, as equipes encontraram 2 quartos do pr\u00e9dio em chamas. <\/p>\n<p>Havia dois ocupantes que tiveram suas sa\u00eddas isoladas pelo fogo. Os bombeiros usaram escadas para resgatar as pessoas presas l\u00e1 dentro. <\/p>\n<p>N\u00e3o houve feridos e as causas do inc\u00eandio est\u00e3o sendo investigadas. <\/p>\n<p><br \/>\n<br \/><a href=\"https:\/\/www.wtnh.com\/news\/connecticut\/new-haven\/2-people-rescued-from-house-fire-in-new-haven\/\">Source link <\/a><\/p>","protected":false},"excerpt":{"rendered":"<p>NEW HAVEN, Connecticut (WTNH) \u2013 Duas pessoas foram resgatadas de uma resid\u00eancia em chamas em New Haven na noite de s\u00e1bado, de acordo com o Corpo de Bombeiros. \u00c0s 20h19,&hellip;<\/p>","protected":false},"author":1,"featured_media":54329,"comment_status":"closed","ping_status":"open","sticky":false,"template":"","format":"standard","meta":{"content-type":"","footnotes":""},"categories":[1],"tags":[],"class_list":["post-54328","post","type-post","status-publish","format-standard","has-post-thumbnail","hentry","category-uncategorized"],"_links":{"self":[{"href":"https:\/\/tvbrazilusa.com\/pt\/wp-json\/wp\/v2\/posts\/54328","targetHints":{"allow":["GET"]}}],"collection":[{"href":"https:\/\/tvbrazilusa.com\/pt\/wp-json\/wp\/v2\/posts"}],"about":[{"href":"https:\/\/tvbrazilusa.com\/pt\/wp-json\/wp\/v2\/types\/post"}],"author":[{"embeddable":true,"href":"https:\/\/tvbrazilusa.com\/pt\/wp-json\/wp\/v2\/users\/1"}],"replies":[{"embeddable":true,"href":"https:\/\/tvbrazilusa.com\/pt\/wp-json\/wp\/v2\/comments?post=54328"}],"version-history":[{"count":1,"href":"https:\/\/tvbrazilusa.com\/pt\/wp-json\/wp\/v2\/posts\/54328\/revisions"}],"predecessor-version":[{"id":54330,"href":"https:\/\/tvbrazilusa.com\/pt\/wp-json\/wp\/v2\/posts\/54328\/revisions\/54330"}],"wp:featuredmedia":[{"embeddable":true,"href":"https:\/\/tvbrazilusa.com\/pt\/wp-json\/wp\/v2\/media\/54329"}],"wp:attachment":[{"href":"https:\/\/tvbrazilusa.com\/pt\/wp-json\/wp\/v2\/media?parent=54328"}],"wp:term":[{"taxonomy":"category","embeddable":true,"href":"https:\/\/tvbrazilusa.com\/pt\/wp-json\/wp\/v2\/categories?post=54328"},{"taxonomy":"post_tag","embeddable":true,"href":"https:\/\/tvbrazilusa.com\/pt\/wp-json\/wp\/v2\/tags?post=54328"}],"curies":[{"name":"wp","href":"https:\/\/api.w.org\/{rel}","templated":true}]}}