{"id":54357,"date":"2024-11-03T09:37:41","date_gmt":"2024-11-03T09:37:41","guid":{"rendered":"https:\/\/tvbrazilusa.com\/2024\/11\/03\/enem-2024-no-primeiro-dia-de-provas-que-ocorre-neste-domingo-03-ha-disciplinas-de-linguagens-e-ciencias-humanas-alem-da-redacao\/"},"modified":"2024-11-03T09:37:44","modified_gmt":"2024-11-03T09:37:44","slug":"enem-2024-no-primeiro-dia-de-provas-que-ocorre-neste-domingo-03-ha-disciplinas-de-linguagens-e-ciencias-humanas-alem-da-redacao","status":"publish","type":"post","link":"https:\/\/tvbrazilusa.com\/pt\/2024\/11\/03\/enem-2024-no-primeiro-dia-de-provas-que-ocorre-neste-domingo-03-ha-disciplinas-de-linguagens-e-ciencias-humanas-alem-da-redacao\/","title":{"rendered":"ENEM 2024: No primeiro dia de provas, que ocorre neste domingo (03), h\u00e1 disciplinas de Linguagens e Ci\u00eancias Humanas, al\u00e9m da reda\u00e7\u00e3o"},"content":{"rendered":"<p> <script async src=\"https:\/\/pagead2.googlesyndication.com\/pagead\/js\/adsbygoogle.js?client=ca-pub-8864793242727901\"\r\n     crossorigin=\"anonymous\"><\/script><br \/>\n<\/p>\n<div id=\"taboola-read-more\" style=\"display:block; width:100%\">\n<p>Mais de 4,3 milh\u00f5es de candidatos est\u00e3o inscritos para fazer o Exame Nacional do Ensino M\u00e9dio (Enem) 2024, que come\u00e7a neste domingo (3) com as provas de linguagens e ci\u00eancias humanas, al\u00e9m da reda\u00e7\u00e3o.\n<\/p>\n<p>A partir das 18h30, o g1 divulgar\u00e1 o gabarito extraoficial das quest\u00f5es e far\u00e1 a corre\u00e7\u00e3o ao vivo com professores do curso Anglo.<\/p>\n<p>Para n\u00e3o ter estresse e correr o risco de perder a prova, a recomenda\u00e7\u00e3o do Instituto Nacional de Estudos e Pesquisas Educacionais An\u00edsio Teixeira (Inep) \u00e9 chegar \u00e0s 12h no local do exame. A fim de evitar qualquer contratempo, o candidato deve sair com anteced\u00eancia de casa, conferindo antes se est\u00e1 com a documenta\u00e7\u00e3o e material necess\u00e1rios.\n<\/p>\n<p>N\u00e3o se esque\u00e7a de que, aos domingos, a frota de \u00f4nibus e trens, geralmente, \u00e9 reduzida.<br \/>O local do exame consta do Cart\u00e3o de Confirma\u00e7\u00e3o da Inscri\u00e7\u00e3o de cada participante, que pode ser acessado em https:\/\/enem.inep.gov.br\/participante\/. N\u00e3o \u00e9 obrigat\u00f3rio lev\u00e1-lo, mas com ele em m\u00e3os facilita para localizar o pr\u00e9dio e a sala onde far\u00e1 a prova.\n<\/p>\n<p>Para n\u00e3o levar nenhum susto antes de fazer a prova, participe do joguinho abaixo feito pelo g1 e descubra o que \u00e9 permitido usar no Enem. Mais abaixo, veja outros detalhes das exig\u00eancias do Inep.\n<\/p>\n<p><strong>O que levar no Enem<\/strong>\n<\/p>\n<p>RG ou outro documento oficial com foto (documentos digitais tamb\u00e9m s\u00e3o v\u00e1lidos);<br \/>Caneta esferogr\u00e1fica transparente com tinta na cor preta (leve pelo menos duas para o caso de uma falhar);<br \/>Cart\u00e3o de confirma\u00e7\u00e3o de inscri\u00e7\u00e3o;<br \/>Lanche (ideal \u00e9 levar alimentos que deem energia, como chocolates, castanhas e barras de cereal) e \u00e1gua em garrafa transparente (a embalagem n\u00e3o deve ter r\u00f3tulo). O lanche poder\u00e1 ser vistoriado pelo fiscal de sala.\n<\/p>\n<p>Dica: Como s\u00e3o cinco horas e meia de exame, \u00e9 recomendado que o candidato v\u00e1 com uma roupa confort\u00e1vel e cal\u00e7ados que n\u00e3o apertem.\n<\/p>\n<p>Exemplos de documentos digitais de identifica\u00e7\u00e3o que ser\u00e3o aceitos pelo Inep:\n<\/p>\n<p>e-T\u00edtulo,<br \/>Carteira Nacional de Habilita\u00e7\u00e3o (CNH) Digital; e<br \/>RG Digital.<br \/>Aten\u00e7\u00e3o: O candidato deve apresentar o aplicativo oficial ao fiscal &#8212; capturas de tela n\u00e3o ser\u00e3o v\u00e1lidas. Ap\u00f3s a entrada na sala de aula, o uso do celular continuar\u00e1 vetado.\n<\/p>\n<p><strong>O que n\u00e3o pode no Enem<\/strong>\n<\/p>\n<p>Telefones celulares, calculadoras ou qualquer equipamento eletr\u00f4nico devem ser desligados e guardados no envelope porta-objetos antes de entrar na sala de provas. Caso algum som seja emitido dos aparelhos durante a prova, o candidato ser\u00e1 eliminado;<br \/>Qualquer dispositivo que receba imagens, v\u00eddeos ou mensagens;<br \/>\u00d3culos escuros, bon\u00e9s, chap\u00e9us, viseiras ou gorros;<br \/>Bebidas alco\u00f3licas, cigarro e\/ou drogas il\u00edcitas.\n<\/p>\n<p>Aten\u00e7\u00e3o: O envelope porta-objetos, lacrado e identificado, deve ser mantido debaixo da carteira desde o ingresso na sala de provas at\u00e9 a sa\u00edda definitiva do local de provas.\n<\/p>\n<p>A partir das 13h (hor\u00e1rio de Bras\u00edlia), \u00e9 permitido ir ao banheiro, mas desde que acompanhado pelo fiscal.\n<\/p>\n<p>Veja os hor\u00e1rios de aplica\u00e7\u00e3o (no fuso de Bras\u00edlia):\n<\/p>\n<p>Abertura dos port\u00f5es: 12h<br \/>Fechamento dos port\u00f5es: 13h<br \/>In\u00edcio das provas: 13h30<br \/>Pode sair, mas sem o caderno de quest\u00f5es: a partir das 15h30<br \/>Pode sair da prova com o caderno de quest\u00f5es: a partir das 18h<br \/>Aplica\u00e7\u00e3o da prova no 1\u00ba dia acaba \u00e0s: 19h<br \/>Aplica\u00e7\u00e3o da prova no 2\u00ba dia acaba \u00e0s: 18h30<br \/>O candidato s\u00f3 poder\u00e1 sair com o Caderno de Quest\u00f5es nos \u00faltimos 30 minutos que antecedem o t\u00e9rmino da prova.\n<\/p>\n<p><strong>Corre\u00e7\u00e3o: vale a pena chutar?<\/strong>\n<\/p>\n<p>As quest\u00f5es s\u00e3o corrigidas usando um modelo matem\u00e1tico chamado de Teoria de Resposta ao Item (TRI). A prova \u00e9 preparada com perguntas pr\u00e9-classificadas como f\u00e1ceis, m\u00e9dias e dif\u00edceis. O esperado \u00e9 que o candidato tenha um desempenho melhor nas mais simples. A TRI faz uma an\u00e1lise estat\u00edstica, &#8220;antichute&#8221;, para calcular uma nota final que indique se houve coer\u00eancia nas respostas.\n<\/p>\n<p>Definindo de forma simplificada, esse \u00e9 um m\u00e9todo que busca priorizar a coer\u00eancia no desempenho dos candidatos. A nota n\u00e3o \u00e9 simplesmente a soma do n\u00famero absoluto de acertos.\n<\/p>\n<p>Se algu\u00e9m acerta as quest\u00f5es mais dif\u00edceis, mas erra aquelas consideradas f\u00e1ceis, provavelmente &#8220;chutou&#8221; as respostas. Por isso, ter\u00e1 uma nota inferior \u00e0 de um estudante que acertou as f\u00e1ceis, mas errou as mais complexas (veja ilustra\u00e7\u00e3o abaixo).\n<\/p>\n<\/p>\n<p>Reprodu\u00e7\u00e3o\/Inep\n<\/p>\n<p><strong>Por qual parte come\u00e7ar: quest\u00f5es ou reda\u00e7\u00e3o?<\/strong>\n<\/p>\n<p>Al\u00e9m do conte\u00fado, um bom desempenho na prova tamb\u00e9m depende de organiza\u00e7\u00e3o por parte do candidato a fim de administrar bem o tempo para a resolu\u00e7\u00e3o das quest\u00f5es e a reda\u00e7\u00e3o. Veja dicas abaixo:\n<\/p>\n<p>Come\u00e7ar pelas quest\u00f5es mais f\u00e1ceis.<br \/>Assinalar as perguntas que forem &#8220;puladas&#8221;.<br \/>Intercalar a reda\u00e7\u00e3o e as perguntas.<br \/>Reservar, no m\u00e1ximo, 1 hora e meia para a reda\u00e7\u00e3o.<br \/>Dividir o tempo por etapas (reda\u00e7\u00e3o, ci\u00eancias humanas e linguagens), e n\u00e3o por perguntas.\n<\/p>\n<p>Fonte: g1<\/p>\n<\/div>\n<p><br \/>\n<br \/><a href=\"https:\/\/diariodobrasilnoticias.com.br\/noticia\/enem-2024-no-primeiro-dia-de-provas-que-ocorre-neste-domingo-03-ha-disciplinas-de-linguagens-e-ciencias-humanas-alem-da-redacao-6727437ddc26d\">Source link <\/a><\/p>","protected":false},"excerpt":{"rendered":"<p>Mais de 4,3 milh\u00f5es de candidatos est\u00e3o inscritos para fazer o Exame Nacional do Ensino M\u00e9dio (Enem) 2024, que come\u00e7a neste domingo (3) com as provas de linguagens e ci\u00eancias&hellip;<\/p>","protected":false},"author":1,"featured_media":54358,"comment_status":"closed","ping_status":"open","sticky":false,"template":"","format":"standard","meta":{"content-type":"","footnotes":""},"categories":[16],"tags":[123,2448,5313,1267],"class_list":["post-54357","post","type-post","status-publish","format-standard","has-post-thumbnail","hentry","category-noticias","tag-brasil","tag-diario","tag-noticia","tag-noticias"],"_links":{"self":[{"href":"https:\/\/tvbrazilusa.com\/pt\/wp-json\/wp\/v2\/posts\/54357","targetHints":{"allow":["GET"]}}],"collection":[{"href":"https:\/\/tvbrazilusa.com\/pt\/wp-json\/wp\/v2\/posts"}],"about":[{"href":"https:\/\/tvbrazilusa.com\/pt\/wp-json\/wp\/v2\/types\/post"}],"author":[{"embeddable":true,"href":"https:\/\/tvbrazilusa.com\/pt\/wp-json\/wp\/v2\/users\/1"}],"replies":[{"embeddable":true,"href":"https:\/\/tvbrazilusa.com\/pt\/wp-json\/wp\/v2\/comments?post=54357"}],"version-history":[{"count":1,"href":"https:\/\/tvbrazilusa.com\/pt\/wp-json\/wp\/v2\/posts\/54357\/revisions"}],"predecessor-version":[{"id":54359,"href":"https:\/\/tvbrazilusa.com\/pt\/wp-json\/wp\/v2\/posts\/54357\/revisions\/54359"}],"wp:featuredmedia":[{"embeddable":true,"href":"https:\/\/tvbrazilusa.com\/pt\/wp-json\/wp\/v2\/media\/54358"}],"wp:attachment":[{"href":"https:\/\/tvbrazilusa.com\/pt\/wp-json\/wp\/v2\/media?parent=54357"}],"wp:term":[{"taxonomy":"category","embeddable":true,"href":"https:\/\/tvbrazilusa.com\/pt\/wp-json\/wp\/v2\/categories?post=54357"},{"taxonomy":"post_tag","embeddable":true,"href":"https:\/\/tvbrazilusa.com\/pt\/wp-json\/wp\/v2\/tags?post=54357"}],"curies":[{"name":"wp","href":"https:\/\/api.w.org\/{rel}","templated":true}]}}